{"id":1171,"date":"2021-07-24T17:12:29","date_gmt":"2021-07-24T15:12:29","guid":{"rendered":"https:\/\/www.galerierichard.com\/?p=1171"},"modified":"2024-06-19T23:19:06","modified_gmt":"2024-06-19T21:19:06","slug":"1171","status":"publish","type":"post","link":"https:\/\/www.galerierichard.com\/index.php\/en\/2021\/07\/24\/1171\/","title":{"rendered":"GALERIE RICHARD represents R\u00e9my HYSBERGUE"},"content":{"rendered":"<p>Jean-Luc and Takako Richard are very happy to announce that they represent R\u00e9my HYSBERGUE. Born in 1967 in Valenciennes, R\u00e9my HYSBERGUE is one of the most important abstract painter of his generation in France. He exhibited in Galerie Jean Brolly and Nancy Hoffman Gallery. His works are in the collections of Fonds National d&rsquo;Art Contemporain, the collections of several FRAC, the Oohara Museum in Japan.<\/p>\n","protected":false},"excerpt":{"rendered":"<p>Jean-Luc and Takako Richard are very happy to announce that they represent R\u00e9my HYSBERGUE. Born in 1967 in Valenciennes, R\u00e9my HYSBERGUE is one of the most important abstract painter of his generation in France. He exhibited in Galerie Jean Brolly and Nancy Hoffman Gallery. His works are in the collections of Fonds National d&rsquo;Art Contemporain, [&hellip;]<\/p>\n","protected":false},"author":2,"featured_media":1223,"comment_status":"closed","ping_status":"closed","sticky":false,"template":"gr-single-news.php","format":"standard","meta":{"_acf_changed":false,"_jetpack_memberships_contains_paid_content":false,"footnotes":""},"categories":[17],"tags":[],"class_list":["post-1171","post","type-post","status-publish","format-standard","has-post-thumbnail","hentry","category-news-en"],"acf":[],"yoast_head":"<!-- This site is optimized with the Yoast SEO plugin v27.5 - https:\/\/yoast.com\/product\/yoast-seo-wordpress\/ -->\n<title>GALERIE RICHARD represents R\u00e9my HYSBERGUE - Galerie Richard<\/title>\n<meta name=\"robots\" content=\"index, follow, max-snippet:-1, max-image-preview:large, max-video-preview:-1\" \/>\n<link rel=\"canonical\" href=\"https:\/\/www.galerierichard.com\/index.php\/en\/2021\/07\/24\/1171\/\" \/>\n<meta property=\"og:locale\" content=\"fr_FR\" \/>\n<meta property=\"og:type\" content=\"article\" \/>\n<meta property=\"og:title\" content=\"GALERIE RICHARD represents R\u00e9my HYSBERGUE - Galerie Richard\" \/>\n<meta property=\"og:description\" content=\"Jean-Luc and Takako Richard are very happy to announce that they represent R\u00e9my HYSBERGUE. Born in 1967 in Valenciennes, R\u00e9my HYSBERGUE is one of the most important abstract painter of his generation in France. He exhibited in Galerie Jean Brolly and Nancy Hoffman Gallery. His works are in the collections of Fonds National d&rsquo;Art Contemporain, [&hellip;]\" \/>\n<meta property=\"og:url\" content=\"https:\/\/www.galerierichard.com\/index.php\/en\/2021\/07\/24\/1171\/\" \/>\n<meta property=\"og:site_name\" content=\"Galerie Richard\" \/>\n<meta property=\"article:publisher\" content=\"https:\/\/www.facebook.com\/galerierichard\/\" \/>\n<meta property=\"article:published_time\" content=\"2021-07-24T15:12:29+00:00\" \/>\n<meta property=\"article:modified_time\" content=\"2024-06-19T21:19:06+00:00\" \/>\n<meta name=\"author\" content=\"webmaster\" \/>\n<meta name=\"twitter:card\" content=\"summary_large_image\" \/>\n<meta name=\"twitter:creator\" content=\"@galerierichard\" \/>\n<meta name=\"twitter:site\" content=\"@galerierichard\" \/>\n<meta name=\"twitter:label1\" content=\"\u00c9crit par\" \/>\n\t<meta name=\"twitter:data1\" content=\"webmaster\" \/>\n\t<meta name=\"twitter:label2\" content=\"Dur\u00e9e de lecture estim\u00e9e\" \/>\n\t<meta name=\"twitter:data2\" content=\"1 minute\" \/>\n<script type=\"application\/ld+json\" class=\"yoast-schema-graph\">{\"@context\":\"https:\\\/\\\/schema.org\",\"@graph\":[{\"@type\":\"Article\",\"@id\":\"https:\\\/\\\/www.galerierichard.com\\\/index.php\\\/en\\\/2021\\\/07\\\/24\\\/1171\\\/#article\",\"isPartOf\":{\"@id\":\"https:\\\/\\\/www.galerierichard.com\\\/index.php\\\/en\\\/2021\\\/07\\\/24\\\/1171\\\/\"},\"author\":{\"name\":\"webmaster\",\"@id\":\"https:\\\/\\\/www.galerierichard.com\\\/#\\\/schema\\\/person\\\/7c4d19664b10651e9f1673b8113dd1b8\"},\"headline\":\"GALERIE RICHARD represents R\u00e9my HYSBERGUE\",\"datePublished\":\"2021-07-24T15:12:29+00:00\",\"dateModified\":\"2024-06-19T21:19:06+00:00\",\"mainEntityOfPage\":{\"@id\":\"https:\\\/\\\/www.galerierichard.com\\\/index.php\\\/en\\\/2021\\\/07\\\/24\\\/1171\\\/\"},\"wordCount\":72,\"publisher\":{\"@id\":\"https:\\\/\\\/www.galerierichard.com\\\/#organization\"},\"image\":{\"@id\":\"https:\\\/\\\/www.galerierichard.com\\\/index.php\\\/en\\\/2021\\\/07\\\/24\\\/1171\\\/#primaryimage\"},\"thumbnailUrl\":\"https:\\\/\\\/www.galerierichard.com\\\/wp-content\\\/uploads\\\/2021\\\/07\\\/Sans-titre-7-1-pdf.jpg\",\"articleSection\":[\"News\"],\"inLanguage\":\"fr-FR\"},{\"@type\":\"WebPage\",\"@id\":\"https:\\\/\\\/www.galerierichard.com\\\/index.php\\\/en\\\/2021\\\/07\\\/24\\\/1171\\\/\",\"url\":\"https:\\\/\\\/www.galerierichard.com\\\/index.php\\\/en\\\/2021\\\/07\\\/24\\\/1171\\\/\",\"name\":\"GALERIE RICHARD represents R\u00e9my HYSBERGUE - Galerie Richard\",\"isPartOf\":{\"@id\":\"https:\\\/\\\/www.galerierichard.com\\\/#website\"},\"primaryImageOfPage\":{\"@id\":\"https:\\\/\\\/www.galerierichard.com\\\/index.php\\\/en\\\/2021\\\/07\\\/24\\\/1171\\\/#primaryimage\"},\"image\":{\"@id\":\"https:\\\/\\\/www.galerierichard.com\\\/index.php\\\/en\\\/2021\\\/07\\\/24\\\/1171\\\/#primaryimage\"},\"thumbnailUrl\":\"https:\\\/\\\/www.galerierichard.com\\\/wp-content\\\/uploads\\\/2021\\\/07\\\/Sans-titre-7-1-pdf.jpg\",\"datePublished\":\"2021-07-24T15:12:29+00:00\",\"dateModified\":\"2024-06-19T21:19:06+00:00\",\"breadcrumb\":{\"@id\":\"https:\\\/\\\/www.galerierichard.com\\\/index.php\\\/en\\\/2021\\\/07\\\/24\\\/1171\\\/#breadcrumb\"},\"inLanguage\":\"fr-FR\",\"potentialAction\":[{\"@type\":\"ReadAction\",\"target\":[\"https:\\\/\\\/www.galerierichard.com\\\/index.php\\\/en\\\/2021\\\/07\\\/24\\\/1171\\\/\"]}]},{\"@type\":\"ImageObject\",\"inLanguage\":\"fr-FR\",\"@id\":\"https:\\\/\\\/www.galerierichard.com\\\/index.php\\\/en\\\/2021\\\/07\\\/24\\\/1171\\\/#primaryimage\",\"url\":\"https:\\\/\\\/www.galerierichard.com\\\/wp-content\\\/uploads\\\/2021\\\/07\\\/Sans-titre-7-1-pdf.jpg\",\"contentUrl\":\"https:\\\/\\\/www.galerierichard.com\\\/wp-content\\\/uploads\\\/2021\\\/07\\\/Sans-titre-7-1-pdf.jpg\"},{\"@type\":\"BreadcrumbList\",\"@id\":\"https:\\\/\\\/www.galerierichard.com\\\/index.php\\\/en\\\/2021\\\/07\\\/24\\\/1171\\\/#breadcrumb\",\"itemListElement\":[{\"@type\":\"ListItem\",\"position\":1,\"name\":\"Accueil\",\"item\":\"https:\\\/\\\/www.galerierichard.com\\\/\"},{\"@type\":\"ListItem\",\"position\":2,\"name\":\"GALERIE RICHARD represents R\u00e9my HYSBERGUE\"}]},{\"@type\":\"WebSite\",\"@id\":\"https:\\\/\\\/www.galerierichard.com\\\/#website\",\"url\":\"https:\\\/\\\/www.galerierichard.com\\\/\",\"name\":\"Galerie Richard\",\"description\":\"\",\"publisher\":{\"@id\":\"https:\\\/\\\/www.galerierichard.com\\\/#organization\"},\"potentialAction\":[{\"@type\":\"SearchAction\",\"target\":{\"@type\":\"EntryPoint\",\"urlTemplate\":\"https:\\\/\\\/www.galerierichard.com\\\/?s={search_term_string}\"},\"query-input\":{\"@type\":\"PropertyValueSpecification\",\"valueRequired\":true,\"valueName\":\"search_term_string\"}}],\"inLanguage\":\"fr-FR\"},{\"@type\":\"Organization\",\"@id\":\"https:\\\/\\\/www.galerierichard.com\\\/#organization\",\"name\":\"Galerie Richard\",\"url\":\"https:\\\/\\\/www.galerierichard.com\\\/\",\"logo\":{\"@type\":\"ImageObject\",\"inLanguage\":\"fr-FR\",\"@id\":\"https:\\\/\\\/www.galerierichard.com\\\/#\\\/schema\\\/logo\\\/image\\\/\",\"url\":\"https:\\\/\\\/www.galerierichard.com\\\/wp-content\\\/uploads\\\/2021\\\/07\\\/logo-galerie-richard.png\",\"contentUrl\":\"https:\\\/\\\/www.galerierichard.com\\\/wp-content\\\/uploads\\\/2021\\\/07\\\/logo-galerie-richard.png\",\"width\":295,\"height\":25,\"caption\":\"Galerie Richard\"},\"image\":{\"@id\":\"https:\\\/\\\/www.galerierichard.com\\\/#\\\/schema\\\/logo\\\/image\\\/\"},\"sameAs\":[\"https:\\\/\\\/www.facebook.com\\\/galerierichard\\\/\",\"https:\\\/\\\/x.com\\\/galerierichard\",\"https:\\\/\\\/www.instagram.com\\\/galerie.richard\\\/\",\"https:\\\/\\\/www.youtube.com\\\/channel\\\/UCwaMGcMSKAW565EC2g1RIVg\"]},{\"@type\":\"Person\",\"@id\":\"https:\\\/\\\/www.galerierichard.com\\\/#\\\/schema\\\/person\\\/7c4d19664b10651e9f1673b8113dd1b8\",\"name\":\"webmaster\"}]}<\/script>\n<!-- \/ Yoast SEO plugin. -->","yoast_head_json":{"title":"GALERIE RICHARD represents R\u00e9my HYSBERGUE - Galerie Richard","robots":{"index":"index","follow":"follow","max-snippet":"max-snippet:-1","max-image-preview":"max-image-preview:large","max-video-preview":"max-video-preview:-1"},"canonical":"https:\/\/www.galerierichard.com\/index.php\/en\/2021\/07\/24\/1171\/","og_locale":"fr_FR","og_type":"article","og_title":"GALERIE RICHARD represents R\u00e9my HYSBERGUE - Galerie Richard","og_description":"Jean-Luc and Takako Richard are very happy to announce that they represent R\u00e9my HYSBERGUE. Born in 1967 in Valenciennes, R\u00e9my HYSBERGUE is one of the most important abstract painter of his generation in France. He exhibited in Galerie Jean Brolly and Nancy Hoffman Gallery. His works are in the collections of Fonds National d&rsquo;Art Contemporain, [&hellip;]","og_url":"https:\/\/www.galerierichard.com\/index.php\/en\/2021\/07\/24\/1171\/","og_site_name":"Galerie Richard","article_publisher":"https:\/\/www.facebook.com\/galerierichard\/","article_published_time":"2021-07-24T15:12:29+00:00","article_modified_time":"2024-06-19T21:19:06+00:00","author":"webmaster","twitter_card":"summary_large_image","twitter_creator":"@galerierichard","twitter_site":"@galerierichard","twitter_misc":{"\u00c9crit par":"webmaster","Dur\u00e9e de lecture estim\u00e9e":"1 minute"},"schema":{"@context":"https:\/\/schema.org","@graph":[{"@type":"Article","@id":"https:\/\/www.galerierichard.com\/index.php\/en\/2021\/07\/24\/1171\/#article","isPartOf":{"@id":"https:\/\/www.galerierichard.com\/index.php\/en\/2021\/07\/24\/1171\/"},"author":{"name":"webmaster","@id":"https:\/\/www.galerierichard.com\/#\/schema\/person\/7c4d19664b10651e9f1673b8113dd1b8"},"headline":"GALERIE RICHARD represents R\u00e9my HYSBERGUE","datePublished":"2021-07-24T15:12:29+00:00","dateModified":"2024-06-19T21:19:06+00:00","mainEntityOfPage":{"@id":"https:\/\/www.galerierichard.com\/index.php\/en\/2021\/07\/24\/1171\/"},"wordCount":72,"publisher":{"@id":"https:\/\/www.galerierichard.com\/#organization"},"image":{"@id":"https:\/\/www.galerierichard.com\/index.php\/en\/2021\/07\/24\/1171\/#primaryimage"},"thumbnailUrl":"https:\/\/www.galerierichard.com\/wp-content\/uploads\/2021\/07\/Sans-titre-7-1-pdf.jpg","articleSection":["News"],"inLanguage":"fr-FR"},{"@type":"WebPage","@id":"https:\/\/www.galerierichard.com\/index.php\/en\/2021\/07\/24\/1171\/","url":"https:\/\/www.galerierichard.com\/index.php\/en\/2021\/07\/24\/1171\/","name":"GALERIE RICHARD represents R\u00e9my HYSBERGUE - Galerie Richard","isPartOf":{"@id":"https:\/\/www.galerierichard.com\/#website"},"primaryImageOfPage":{"@id":"https:\/\/www.galerierichard.com\/index.php\/en\/2021\/07\/24\/1171\/#primaryimage"},"image":{"@id":"https:\/\/www.galerierichard.com\/index.php\/en\/2021\/07\/24\/1171\/#primaryimage"},"thumbnailUrl":"https:\/\/www.galerierichard.com\/wp-content\/uploads\/2021\/07\/Sans-titre-7-1-pdf.jpg","datePublished":"2021-07-24T15:12:29+00:00","dateModified":"2024-06-19T21:19:06+00:00","breadcrumb":{"@id":"https:\/\/www.galerierichard.com\/index.php\/en\/2021\/07\/24\/1171\/#breadcrumb"},"inLanguage":"fr-FR","potentialAction":[{"@type":"ReadAction","target":["https:\/\/www.galerierichard.com\/index.php\/en\/2021\/07\/24\/1171\/"]}]},{"@type":"ImageObject","inLanguage":"fr-FR","@id":"https:\/\/www.galerierichard.com\/index.php\/en\/2021\/07\/24\/1171\/#primaryimage","url":"https:\/\/www.galerierichard.com\/wp-content\/uploads\/2021\/07\/Sans-titre-7-1-pdf.jpg","contentUrl":"https:\/\/www.galerierichard.com\/wp-content\/uploads\/2021\/07\/Sans-titre-7-1-pdf.jpg"},{"@type":"BreadcrumbList","@id":"https:\/\/www.galerierichard.com\/index.php\/en\/2021\/07\/24\/1171\/#breadcrumb","itemListElement":[{"@type":"ListItem","position":1,"name":"Accueil","item":"https:\/\/www.galerierichard.com\/"},{"@type":"ListItem","position":2,"name":"GALERIE RICHARD represents R\u00e9my HYSBERGUE"}]},{"@type":"WebSite","@id":"https:\/\/www.galerierichard.com\/#website","url":"https:\/\/www.galerierichard.com\/","name":"Galerie Richard","description":"","publisher":{"@id":"https:\/\/www.galerierichard.com\/#organization"},"potentialAction":[{"@type":"SearchAction","target":{"@type":"EntryPoint","urlTemplate":"https:\/\/www.galerierichard.com\/?s={search_term_string}"},"query-input":{"@type":"PropertyValueSpecification","valueRequired":true,"valueName":"search_term_string"}}],"inLanguage":"fr-FR"},{"@type":"Organization","@id":"https:\/\/www.galerierichard.com\/#organization","name":"Galerie Richard","url":"https:\/\/www.galerierichard.com\/","logo":{"@type":"ImageObject","inLanguage":"fr-FR","@id":"https:\/\/www.galerierichard.com\/#\/schema\/logo\/image\/","url":"https:\/\/www.galerierichard.com\/wp-content\/uploads\/2021\/07\/logo-galerie-richard.png","contentUrl":"https:\/\/www.galerierichard.com\/wp-content\/uploads\/2021\/07\/logo-galerie-richard.png","width":295,"height":25,"caption":"Galerie Richard"},"image":{"@id":"https:\/\/www.galerierichard.com\/#\/schema\/logo\/image\/"},"sameAs":["https:\/\/www.facebook.com\/galerierichard\/","https:\/\/x.com\/galerierichard","https:\/\/www.instagram.com\/galerie.richard\/","https:\/\/www.youtube.com\/channel\/UCwaMGcMSKAW565EC2g1RIVg"]},{"@type":"Person","@id":"https:\/\/www.galerierichard.com\/#\/schema\/person\/7c4d19664b10651e9f1673b8113dd1b8","name":"webmaster"}]}},"jetpack_featured_media_url":"https:\/\/www.galerierichard.com\/wp-content\/uploads\/2021\/07\/Sans-titre-7-1-pdf.jpg","jetpack_sharing_enabled":true,"_links":{"self":[{"href":"https:\/\/www.galerierichard.com\/index.php\/wp-json\/wp\/v2\/posts\/1171","targetHints":{"allow":["GET"]}}],"collection":[{"href":"https:\/\/www.galerierichard.com\/index.php\/wp-json\/wp\/v2\/posts"}],"about":[{"href":"https:\/\/www.galerierichard.com\/index.php\/wp-json\/wp\/v2\/types\/post"}],"author":[{"embeddable":true,"href":"https:\/\/www.galerierichard.com\/index.php\/wp-json\/wp\/v2\/users\/2"}],"replies":[{"embeddable":true,"href":"https:\/\/www.galerierichard.com\/index.php\/wp-json\/wp\/v2\/comments?post=1171"}],"version-history":[{"count":2,"href":"https:\/\/www.galerierichard.com\/index.php\/wp-json\/wp\/v2\/posts\/1171\/revisions"}],"predecessor-version":[{"id":11024,"href":"https:\/\/www.galerierichard.com\/index.php\/wp-json\/wp\/v2\/posts\/1171\/revisions\/11024"}],"wp:featuredmedia":[{"embeddable":true,"href":"https:\/\/www.galerierichard.com\/index.php\/wp-json\/wp\/v2\/media\/1223"}],"wp:attachment":[{"href":"https:\/\/www.galerierichard.com\/index.php\/wp-json\/wp\/v2\/media?parent=1171"}],"wp:term":[{"taxonomy":"category","embeddable":true,"href":"https:\/\/www.galerierichard.com\/index.php\/wp-json\/wp\/v2\/categories?post=1171"},{"taxonomy":"post_tag","embeddable":true,"href":"https:\/\/www.galerierichard.com\/index.php\/wp-json\/wp\/v2\/tags?post=1171"}],"curies":[{"name":"wp","href":"https:\/\/api.w.org\/{rel}","templated":true}]}}