{"id":1173,"date":"2021-07-24T17:13:43","date_gmt":"2021-07-24T15:13:43","guid":{"rendered":"https:\/\/www.galerierichard.com\/?p=1173"},"modified":"2025-12-16T17:41:56","modified_gmt":"2025-12-16T16:41:56","slug":"1173","status":"publish","type":"post","link":"https:\/\/www.galerierichard.com\/index.php\/2021\/07\/24\/1173\/","title":{"rendered":"D\u00e9c\u00e8s d&rsquo;Alain KIRILI"},"content":{"rendered":"<p>C&rsquo;est avec une grande tristesse que nous vous annon\u00e7ons le d\u00e9c\u00e8s d&rsquo;Alain KIRILI le 19 mai 2021 \u00e0 New York \u00e0 l&rsquo;\u00e2ge de 74 ans. N\u00e9 en 1946 Alain KIRILI est reconnu pour ses sculptures en fer forg\u00e9 et en pl\u00e2tre. Classifi\u00e9 comme Post-Minimaliste, il s&rsquo;en est affranchi et a mis en avant la sensualit\u00e9, la spontan\u00e9it\u00e9 et l&rsquo;improvisation avec des esth\u00e9tiques plus complexes. Il a beaucoup contribu\u00e9 avec Ariane \u00e0 faire partager sa passion pour le free jazz en organisant r\u00e9guli\u00e8rement des concerts dans son loft \u00e0 Tribeca. Ron GORCHOV et Alain KIRILI ont offert une tr\u00e8s belle exposition \u00e0 la galerie \u00e0 Paris du 19 octobre au 30 d\u00e9cembre 2009.<\/p>\n","protected":false},"excerpt":{"rendered":"<p>C&rsquo;est avec une grande tristesse que nous vous annon\u00e7ons le d\u00e9c\u00e8s d&rsquo;Alain KIRILI le 19 mai 2021 \u00e0 New York \u00e0 l&rsquo;\u00e2ge de 74 ans. N\u00e9 en 1946 Alain KIRILI est reconnu pour ses sculptures en fer forg\u00e9 et en pl\u00e2tre. Classifi\u00e9 comme Post-Minimaliste, il s&rsquo;en est affranchi et a mis en avant la sensualit\u00e9, [&hellip;]<\/p>\n","protected":false},"author":2,"featured_media":1220,"comment_status":"closed","ping_status":"closed","sticky":false,"template":"gr-single-news.php","format":"standard","meta":{"_acf_changed":false,"_jetpack_memberships_contains_paid_content":false,"footnotes":""},"categories":[110],"tags":[],"class_list":["post-1173","post","type-post","status-publish","format-standard","has-post-thumbnail","hentry","category-news"],"acf":[],"yoast_head":"<!-- This site is optimized with the Yoast SEO plugin v27.5 - https:\/\/yoast.com\/product\/yoast-seo-wordpress\/ -->\n<title>D\u00e9c\u00e8s d&#039;Alain KIRILI - Galerie Richard<\/title>\n<meta name=\"robots\" content=\"index, follow, max-snippet:-1, max-image-preview:large, max-video-preview:-1\" \/>\n<link rel=\"canonical\" href=\"https:\/\/www.galerierichard.com\/index.php\/2021\/07\/24\/1173\/\" \/>\n<meta property=\"og:locale\" content=\"fr_FR\" \/>\n<meta property=\"og:type\" content=\"article\" \/>\n<meta property=\"og:title\" content=\"D\u00e9c\u00e8s d&#039;Alain KIRILI - Galerie Richard\" \/>\n<meta property=\"og:description\" content=\"C&rsquo;est avec une grande tristesse que nous vous annon\u00e7ons le d\u00e9c\u00e8s d&rsquo;Alain KIRILI le 19 mai 2021 \u00e0 New York \u00e0 l&rsquo;\u00e2ge de 74 ans. N\u00e9 en 1946 Alain KIRILI est reconnu pour ses sculptures en fer forg\u00e9 et en pl\u00e2tre. Classifi\u00e9 comme Post-Minimaliste, il s&rsquo;en est affranchi et a mis en avant la sensualit\u00e9, [&hellip;]\" \/>\n<meta property=\"og:url\" content=\"https:\/\/www.galerierichard.com\/index.php\/2021\/07\/24\/1173\/\" \/>\n<meta property=\"og:site_name\" content=\"Galerie Richard\" \/>\n<meta property=\"article:publisher\" content=\"https:\/\/www.facebook.com\/galerierichard\/\" \/>\n<meta property=\"article:published_time\" content=\"2021-07-24T15:13:43+00:00\" \/>\n<meta property=\"article:modified_time\" content=\"2025-12-16T16:41:56+00:00\" \/>\n<meta name=\"author\" content=\"webmaster\" \/>\n<meta name=\"twitter:card\" content=\"summary_large_image\" \/>\n<meta name=\"twitter:creator\" content=\"@galerierichard\" \/>\n<meta name=\"twitter:site\" content=\"@galerierichard\" \/>\n<meta name=\"twitter:label1\" content=\"\u00c9crit par\" \/>\n\t<meta name=\"twitter:data1\" content=\"webmaster\" \/>\n\t<meta name=\"twitter:label2\" content=\"Dur\u00e9e de lecture estim\u00e9e\" \/>\n\t<meta name=\"twitter:data2\" content=\"1 minute\" \/>\n<script type=\"application\/ld+json\" class=\"yoast-schema-graph\">{\"@context\":\"https:\\\/\\\/schema.org\",\"@graph\":[{\"@type\":\"Article\",\"@id\":\"https:\\\/\\\/www.galerierichard.com\\\/index.php\\\/2021\\\/07\\\/24\\\/1173\\\/#article\",\"isPartOf\":{\"@id\":\"https:\\\/\\\/www.galerierichard.com\\\/index.php\\\/2021\\\/07\\\/24\\\/1173\\\/\"},\"author\":{\"name\":\"webmaster\",\"@id\":\"https:\\\/\\\/www.galerierichard.com\\\/#\\\/schema\\\/person\\\/7c4d19664b10651e9f1673b8113dd1b8\"},\"headline\":\"D\u00e9c\u00e8s d&rsquo;Alain KIRILI\",\"datePublished\":\"2021-07-24T15:13:43+00:00\",\"dateModified\":\"2025-12-16T16:41:56+00:00\",\"mainEntityOfPage\":{\"@id\":\"https:\\\/\\\/www.galerierichard.com\\\/index.php\\\/2021\\\/07\\\/24\\\/1173\\\/\"},\"wordCount\":115,\"publisher\":{\"@id\":\"https:\\\/\\\/www.galerierichard.com\\\/#organization\"},\"image\":{\"@id\":\"https:\\\/\\\/www.galerierichard.com\\\/index.php\\\/2021\\\/07\\\/24\\\/1173\\\/#primaryimage\"},\"thumbnailUrl\":\"https:\\\/\\\/www.galerierichard.com\\\/wp-content\\\/uploads\\\/2021\\\/07\\\/Sans-titre-012-pdf.jpg\",\"articleSection\":[\"News\"],\"inLanguage\":\"fr-FR\"},{\"@type\":\"WebPage\",\"@id\":\"https:\\\/\\\/www.galerierichard.com\\\/index.php\\\/2021\\\/07\\\/24\\\/1173\\\/\",\"url\":\"https:\\\/\\\/www.galerierichard.com\\\/index.php\\\/2021\\\/07\\\/24\\\/1173\\\/\",\"name\":\"D\u00e9c\u00e8s d'Alain KIRILI - Galerie Richard\",\"isPartOf\":{\"@id\":\"https:\\\/\\\/www.galerierichard.com\\\/#website\"},\"primaryImageOfPage\":{\"@id\":\"https:\\\/\\\/www.galerierichard.com\\\/index.php\\\/2021\\\/07\\\/24\\\/1173\\\/#primaryimage\"},\"image\":{\"@id\":\"https:\\\/\\\/www.galerierichard.com\\\/index.php\\\/2021\\\/07\\\/24\\\/1173\\\/#primaryimage\"},\"thumbnailUrl\":\"https:\\\/\\\/www.galerierichard.com\\\/wp-content\\\/uploads\\\/2021\\\/07\\\/Sans-titre-012-pdf.jpg\",\"datePublished\":\"2021-07-24T15:13:43+00:00\",\"dateModified\":\"2025-12-16T16:41:56+00:00\",\"breadcrumb\":{\"@id\":\"https:\\\/\\\/www.galerierichard.com\\\/index.php\\\/2021\\\/07\\\/24\\\/1173\\\/#breadcrumb\"},\"inLanguage\":\"fr-FR\",\"potentialAction\":[{\"@type\":\"ReadAction\",\"target\":[\"https:\\\/\\\/www.galerierichard.com\\\/index.php\\\/2021\\\/07\\\/24\\\/1173\\\/\"]}]},{\"@type\":\"ImageObject\",\"inLanguage\":\"fr-FR\",\"@id\":\"https:\\\/\\\/www.galerierichard.com\\\/index.php\\\/2021\\\/07\\\/24\\\/1173\\\/#primaryimage\",\"url\":\"https:\\\/\\\/www.galerierichard.com\\\/wp-content\\\/uploads\\\/2021\\\/07\\\/Sans-titre-012-pdf.jpg\",\"contentUrl\":\"https:\\\/\\\/www.galerierichard.com\\\/wp-content\\\/uploads\\\/2021\\\/07\\\/Sans-titre-012-pdf.jpg\"},{\"@type\":\"BreadcrumbList\",\"@id\":\"https:\\\/\\\/www.galerierichard.com\\\/index.php\\\/2021\\\/07\\\/24\\\/1173\\\/#breadcrumb\",\"itemListElement\":[{\"@type\":\"ListItem\",\"position\":1,\"name\":\"Accueil\",\"item\":\"https:\\\/\\\/www.galerierichard.com\\\/\"},{\"@type\":\"ListItem\",\"position\":2,\"name\":\"D\u00e9c\u00e8s d&rsquo;Alain KIRILI\"}]},{\"@type\":\"WebSite\",\"@id\":\"https:\\\/\\\/www.galerierichard.com\\\/#website\",\"url\":\"https:\\\/\\\/www.galerierichard.com\\\/\",\"name\":\"Galerie Richard\",\"description\":\"\",\"publisher\":{\"@id\":\"https:\\\/\\\/www.galerierichard.com\\\/#organization\"},\"potentialAction\":[{\"@type\":\"SearchAction\",\"target\":{\"@type\":\"EntryPoint\",\"urlTemplate\":\"https:\\\/\\\/www.galerierichard.com\\\/?s={search_term_string}\"},\"query-input\":{\"@type\":\"PropertyValueSpecification\",\"valueRequired\":true,\"valueName\":\"search_term_string\"}}],\"inLanguage\":\"fr-FR\"},{\"@type\":\"Organization\",\"@id\":\"https:\\\/\\\/www.galerierichard.com\\\/#organization\",\"name\":\"Galerie Richard\",\"url\":\"https:\\\/\\\/www.galerierichard.com\\\/\",\"logo\":{\"@type\":\"ImageObject\",\"inLanguage\":\"fr-FR\",\"@id\":\"https:\\\/\\\/www.galerierichard.com\\\/#\\\/schema\\\/logo\\\/image\\\/\",\"url\":\"https:\\\/\\\/www.galerierichard.com\\\/wp-content\\\/uploads\\\/2021\\\/07\\\/logo-galerie-richard.png\",\"contentUrl\":\"https:\\\/\\\/www.galerierichard.com\\\/wp-content\\\/uploads\\\/2021\\\/07\\\/logo-galerie-richard.png\",\"width\":295,\"height\":25,\"caption\":\"Galerie Richard\"},\"image\":{\"@id\":\"https:\\\/\\\/www.galerierichard.com\\\/#\\\/schema\\\/logo\\\/image\\\/\"},\"sameAs\":[\"https:\\\/\\\/www.facebook.com\\\/galerierichard\\\/\",\"https:\\\/\\\/x.com\\\/galerierichard\",\"https:\\\/\\\/www.instagram.com\\\/galerie.richard\\\/\",\"https:\\\/\\\/www.youtube.com\\\/channel\\\/UCwaMGcMSKAW565EC2g1RIVg\"]},{\"@type\":\"Person\",\"@id\":\"https:\\\/\\\/www.galerierichard.com\\\/#\\\/schema\\\/person\\\/7c4d19664b10651e9f1673b8113dd1b8\",\"name\":\"webmaster\"}]}<\/script>\n<!-- \/ Yoast SEO plugin. -->","yoast_head_json":{"title":"D\u00e9c\u00e8s d'Alain KIRILI - Galerie Richard","robots":{"index":"index","follow":"follow","max-snippet":"max-snippet:-1","max-image-preview":"max-image-preview:large","max-video-preview":"max-video-preview:-1"},"canonical":"https:\/\/www.galerierichard.com\/index.php\/2021\/07\/24\/1173\/","og_locale":"fr_FR","og_type":"article","og_title":"D\u00e9c\u00e8s d'Alain KIRILI - Galerie Richard","og_description":"C&rsquo;est avec une grande tristesse que nous vous annon\u00e7ons le d\u00e9c\u00e8s d&rsquo;Alain KIRILI le 19 mai 2021 \u00e0 New York \u00e0 l&rsquo;\u00e2ge de 74 ans. N\u00e9 en 1946 Alain KIRILI est reconnu pour ses sculptures en fer forg\u00e9 et en pl\u00e2tre. Classifi\u00e9 comme Post-Minimaliste, il s&rsquo;en est affranchi et a mis en avant la sensualit\u00e9, [&hellip;]","og_url":"https:\/\/www.galerierichard.com\/index.php\/2021\/07\/24\/1173\/","og_site_name":"Galerie Richard","article_publisher":"https:\/\/www.facebook.com\/galerierichard\/","article_published_time":"2021-07-24T15:13:43+00:00","article_modified_time":"2025-12-16T16:41:56+00:00","author":"webmaster","twitter_card":"summary_large_image","twitter_creator":"@galerierichard","twitter_site":"@galerierichard","twitter_misc":{"\u00c9crit par":"webmaster","Dur\u00e9e de lecture estim\u00e9e":"1 minute"},"schema":{"@context":"https:\/\/schema.org","@graph":[{"@type":"Article","@id":"https:\/\/www.galerierichard.com\/index.php\/2021\/07\/24\/1173\/#article","isPartOf":{"@id":"https:\/\/www.galerierichard.com\/index.php\/2021\/07\/24\/1173\/"},"author":{"name":"webmaster","@id":"https:\/\/www.galerierichard.com\/#\/schema\/person\/7c4d19664b10651e9f1673b8113dd1b8"},"headline":"D\u00e9c\u00e8s d&rsquo;Alain KIRILI","datePublished":"2021-07-24T15:13:43+00:00","dateModified":"2025-12-16T16:41:56+00:00","mainEntityOfPage":{"@id":"https:\/\/www.galerierichard.com\/index.php\/2021\/07\/24\/1173\/"},"wordCount":115,"publisher":{"@id":"https:\/\/www.galerierichard.com\/#organization"},"image":{"@id":"https:\/\/www.galerierichard.com\/index.php\/2021\/07\/24\/1173\/#primaryimage"},"thumbnailUrl":"https:\/\/www.galerierichard.com\/wp-content\/uploads\/2021\/07\/Sans-titre-012-pdf.jpg","articleSection":["News"],"inLanguage":"fr-FR"},{"@type":"WebPage","@id":"https:\/\/www.galerierichard.com\/index.php\/2021\/07\/24\/1173\/","url":"https:\/\/www.galerierichard.com\/index.php\/2021\/07\/24\/1173\/","name":"D\u00e9c\u00e8s d'Alain KIRILI - Galerie Richard","isPartOf":{"@id":"https:\/\/www.galerierichard.com\/#website"},"primaryImageOfPage":{"@id":"https:\/\/www.galerierichard.com\/index.php\/2021\/07\/24\/1173\/#primaryimage"},"image":{"@id":"https:\/\/www.galerierichard.com\/index.php\/2021\/07\/24\/1173\/#primaryimage"},"thumbnailUrl":"https:\/\/www.galerierichard.com\/wp-content\/uploads\/2021\/07\/Sans-titre-012-pdf.jpg","datePublished":"2021-07-24T15:13:43+00:00","dateModified":"2025-12-16T16:41:56+00:00","breadcrumb":{"@id":"https:\/\/www.galerierichard.com\/index.php\/2021\/07\/24\/1173\/#breadcrumb"},"inLanguage":"fr-FR","potentialAction":[{"@type":"ReadAction","target":["https:\/\/www.galerierichard.com\/index.php\/2021\/07\/24\/1173\/"]}]},{"@type":"ImageObject","inLanguage":"fr-FR","@id":"https:\/\/www.galerierichard.com\/index.php\/2021\/07\/24\/1173\/#primaryimage","url":"https:\/\/www.galerierichard.com\/wp-content\/uploads\/2021\/07\/Sans-titre-012-pdf.jpg","contentUrl":"https:\/\/www.galerierichard.com\/wp-content\/uploads\/2021\/07\/Sans-titre-012-pdf.jpg"},{"@type":"BreadcrumbList","@id":"https:\/\/www.galerierichard.com\/index.php\/2021\/07\/24\/1173\/#breadcrumb","itemListElement":[{"@type":"ListItem","position":1,"name":"Accueil","item":"https:\/\/www.galerierichard.com\/"},{"@type":"ListItem","position":2,"name":"D\u00e9c\u00e8s d&rsquo;Alain KIRILI"}]},{"@type":"WebSite","@id":"https:\/\/www.galerierichard.com\/#website","url":"https:\/\/www.galerierichard.com\/","name":"Galerie Richard","description":"","publisher":{"@id":"https:\/\/www.galerierichard.com\/#organization"},"potentialAction":[{"@type":"SearchAction","target":{"@type":"EntryPoint","urlTemplate":"https:\/\/www.galerierichard.com\/?s={search_term_string}"},"query-input":{"@type":"PropertyValueSpecification","valueRequired":true,"valueName":"search_term_string"}}],"inLanguage":"fr-FR"},{"@type":"Organization","@id":"https:\/\/www.galerierichard.com\/#organization","name":"Galerie Richard","url":"https:\/\/www.galerierichard.com\/","logo":{"@type":"ImageObject","inLanguage":"fr-FR","@id":"https:\/\/www.galerierichard.com\/#\/schema\/logo\/image\/","url":"https:\/\/www.galerierichard.com\/wp-content\/uploads\/2021\/07\/logo-galerie-richard.png","contentUrl":"https:\/\/www.galerierichard.com\/wp-content\/uploads\/2021\/07\/logo-galerie-richard.png","width":295,"height":25,"caption":"Galerie Richard"},"image":{"@id":"https:\/\/www.galerierichard.com\/#\/schema\/logo\/image\/"},"sameAs":["https:\/\/www.facebook.com\/galerierichard\/","https:\/\/x.com\/galerierichard","https:\/\/www.instagram.com\/galerie.richard\/","https:\/\/www.youtube.com\/channel\/UCwaMGcMSKAW565EC2g1RIVg"]},{"@type":"Person","@id":"https:\/\/www.galerierichard.com\/#\/schema\/person\/7c4d19664b10651e9f1673b8113dd1b8","name":"webmaster"}]}},"jetpack_featured_media_url":"https:\/\/www.galerierichard.com\/wp-content\/uploads\/2021\/07\/Sans-titre-012-pdf.jpg","jetpack_sharing_enabled":true,"_links":{"self":[{"href":"https:\/\/www.galerierichard.com\/index.php\/wp-json\/wp\/v2\/posts\/1173","targetHints":{"allow":["GET"]}}],"collection":[{"href":"https:\/\/www.galerierichard.com\/index.php\/wp-json\/wp\/v2\/posts"}],"about":[{"href":"https:\/\/www.galerierichard.com\/index.php\/wp-json\/wp\/v2\/types\/post"}],"author":[{"embeddable":true,"href":"https:\/\/www.galerierichard.com\/index.php\/wp-json\/wp\/v2\/users\/2"}],"replies":[{"embeddable":true,"href":"https:\/\/www.galerierichard.com\/index.php\/wp-json\/wp\/v2\/comments?post=1173"}],"version-history":[{"count":6,"href":"https:\/\/www.galerierichard.com\/index.php\/wp-json\/wp\/v2\/posts\/1173\/revisions"}],"predecessor-version":[{"id":14602,"href":"https:\/\/www.galerierichard.com\/index.php\/wp-json\/wp\/v2\/posts\/1173\/revisions\/14602"}],"wp:featuredmedia":[{"embeddable":true,"href":"https:\/\/www.galerierichard.com\/index.php\/wp-json\/wp\/v2\/media\/1220"}],"wp:attachment":[{"href":"https:\/\/www.galerierichard.com\/index.php\/wp-json\/wp\/v2\/media?parent=1173"}],"wp:term":[{"taxonomy":"category","embeddable":true,"href":"https:\/\/www.galerierichard.com\/index.php\/wp-json\/wp\/v2\/categories?post=1173"},{"taxonomy":"post_tag","embeddable":true,"href":"https:\/\/www.galerierichard.com\/index.php\/wp-json\/wp\/v2\/tags?post=1173"}],"curies":[{"name":"wp","href":"https:\/\/api.w.org\/{rel}","templated":true}]}}