{"id":12327,"date":"2024-10-24T16:53:39","date_gmt":"2024-10-24T14:53:39","guid":{"rendered":"https:\/\/www.galerierichard.com\/?p=12327"},"modified":"2025-05-06T15:49:42","modified_gmt":"2025-05-06T13:49:42","slug":"jean-luc-and-takako-richard-are-glad-to-announce-that-they-represent-frederic-prat","status":"publish","type":"post","link":"https:\/\/www.galerierichard.com\/index.php\/en\/2024\/10\/24\/jean-luc-and-takako-richard-are-glad-to-announce-that-they-represent-frederic-prat\/","title":{"rendered":"Jean-Luc and Takako Richard are glad to announce that they represent Fr\u00e9d\u00e9ric PRAT."},"content":{"rendered":"<p>Jean-Luc and Takako Richard are glad to announce that they represent Fr\u00e9d\u00e9ric PRAT.<\/p>\n<p>Fr\u00e9d\u00e9ric PRAT was born in 1966 and graduated from the High School of Fine Arts in Paris in 1992. He lives and works in Paris. His paintings were exhibited mainly in France, Germany and Luxembourg. His works have been part of the MUDAM (Mus\u00e9e d&rsquo;Art Contemporain du Luxembourg) Collection since 2008.<\/p>\n","protected":false},"excerpt":{"rendered":"<p>Jean-Luc and Takako Richard are glad to announce that they represent Fr\u00e9d\u00e9ric PRAT. Fr\u00e9d\u00e9ric PRAT was born in 1966 and graduated from the High School of Fine Arts in Paris in 1992. He lives and works in Paris. His paintings were exhibited mainly in France, Germany and Luxembourg. His works have been part of the [&hellip;]<\/p>\n","protected":false},"author":3,"featured_media":12325,"comment_status":"closed","ping_status":"closed","sticky":false,"template":"gr-single-news.php","format":"standard","meta":{"_acf_changed":false,"_jetpack_memberships_contains_paid_content":false,"footnotes":""},"categories":[2067,17],"tags":[],"class_list":["post-12327","post","type-post","status-publish","format-standard","has-post-thumbnail","hentry","category-frederic-prat","category-news-en"],"acf":[],"yoast_head":"<!-- This site is optimized with the Yoast SEO plugin v27.5 - https:\/\/yoast.com\/product\/yoast-seo-wordpress\/ -->\n<title>Jean-Luc and Takako Richard are glad to announce that they represent Fr\u00e9d\u00e9ric PRAT. - Galerie Richard<\/title>\n<meta name=\"robots\" content=\"index, follow, max-snippet:-1, max-image-preview:large, max-video-preview:-1\" \/>\n<link rel=\"canonical\" href=\"https:\/\/www.galerierichard.com\/index.php\/en\/2024\/10\/24\/jean-luc-and-takako-richard-are-glad-to-announce-that-they-represent-frederic-prat\/\" \/>\n<meta property=\"og:locale\" content=\"fr_FR\" \/>\n<meta property=\"og:type\" content=\"article\" \/>\n<meta property=\"og:title\" content=\"Jean-Luc and Takako Richard are glad to announce that they represent Fr\u00e9d\u00e9ric PRAT. - Galerie Richard\" \/>\n<meta property=\"og:description\" content=\"Jean-Luc and Takako Richard are glad to announce that they represent Fr\u00e9d\u00e9ric PRAT. Fr\u00e9d\u00e9ric PRAT was born in 1966 and graduated from the High School of Fine Arts in Paris in 1992. He lives and works in Paris. His paintings were exhibited mainly in France, Germany and Luxembourg. His works have been part of the [&hellip;]\" \/>\n<meta property=\"og:url\" content=\"https:\/\/www.galerierichard.com\/index.php\/en\/2024\/10\/24\/jean-luc-and-takako-richard-are-glad-to-announce-that-they-represent-frederic-prat\/\" \/>\n<meta property=\"og:site_name\" content=\"Galerie Richard\" \/>\n<meta property=\"article:publisher\" content=\"https:\/\/www.facebook.com\/galerierichard\/\" \/>\n<meta property=\"article:published_time\" content=\"2024-10-24T14:53:39+00:00\" \/>\n<meta property=\"article:modified_time\" content=\"2025-05-06T13:49:42+00:00\" \/>\n<meta property=\"og:image\" content=\"https:\/\/www.galerierichard.com\/wp-content\/uploads\/2024\/10\/news-FP.png\" \/>\n\t<meta property=\"og:image:width\" content=\"1810\" \/>\n\t<meta property=\"og:image:height\" content=\"600\" \/>\n\t<meta property=\"og:image:type\" content=\"image\/png\" \/>\n<meta name=\"author\" content=\"shopmanager\" \/>\n<meta name=\"twitter:card\" content=\"summary_large_image\" \/>\n<meta name=\"twitter:creator\" content=\"@galerierichard\" \/>\n<meta name=\"twitter:site\" content=\"@galerierichard\" \/>\n<meta name=\"twitter:label1\" content=\"\u00c9crit par\" \/>\n\t<meta name=\"twitter:data1\" content=\"shopmanager\" \/>\n\t<meta name=\"twitter:label2\" content=\"Dur\u00e9e de lecture estim\u00e9e\" \/>\n\t<meta name=\"twitter:data2\" content=\"1 minute\" \/>\n<script type=\"application\/ld+json\" class=\"yoast-schema-graph\">{\"@context\":\"https:\\\/\\\/schema.org\",\"@graph\":[{\"@type\":\"Article\",\"@id\":\"https:\\\/\\\/www.galerierichard.com\\\/index.php\\\/en\\\/2024\\\/10\\\/24\\\/jean-luc-and-takako-richard-are-glad-to-announce-that-they-represent-frederic-prat\\\/#article\",\"isPartOf\":{\"@id\":\"https:\\\/\\\/www.galerierichard.com\\\/index.php\\\/en\\\/2024\\\/10\\\/24\\\/jean-luc-and-takako-richard-are-glad-to-announce-that-they-represent-frederic-prat\\\/\"},\"author\":{\"name\":\"shopmanager\",\"@id\":\"https:\\\/\\\/www.galerierichard.com\\\/#\\\/schema\\\/person\\\/3c19a920bd0358c1ddf328fe75022865\"},\"headline\":\"Jean-Luc and Takako Richard are glad to announce that they represent Fr\u00e9d\u00e9ric PRAT.\",\"datePublished\":\"2024-10-24T14:53:39+00:00\",\"dateModified\":\"2025-05-06T13:49:42+00:00\",\"mainEntityOfPage\":{\"@id\":\"https:\\\/\\\/www.galerierichard.com\\\/index.php\\\/en\\\/2024\\\/10\\\/24\\\/jean-luc-and-takako-richard-are-glad-to-announce-that-they-represent-frederic-prat\\\/\"},\"wordCount\":81,\"publisher\":{\"@id\":\"https:\\\/\\\/www.galerierichard.com\\\/#organization\"},\"image\":{\"@id\":\"https:\\\/\\\/www.galerierichard.com\\\/index.php\\\/en\\\/2024\\\/10\\\/24\\\/jean-luc-and-takako-richard-are-glad-to-announce-that-they-represent-frederic-prat\\\/#primaryimage\"},\"thumbnailUrl\":\"https:\\\/\\\/www.galerierichard.com\\\/wp-content\\\/uploads\\\/2024\\\/10\\\/news-FP.png\",\"articleSection\":[\"Fr\u00e9d\u00e9ric PRAT\",\"News\"],\"inLanguage\":\"fr-FR\"},{\"@type\":\"WebPage\",\"@id\":\"https:\\\/\\\/www.galerierichard.com\\\/index.php\\\/en\\\/2024\\\/10\\\/24\\\/jean-luc-and-takako-richard-are-glad-to-announce-that-they-represent-frederic-prat\\\/\",\"url\":\"https:\\\/\\\/www.galerierichard.com\\\/index.php\\\/en\\\/2024\\\/10\\\/24\\\/jean-luc-and-takako-richard-are-glad-to-announce-that-they-represent-frederic-prat\\\/\",\"name\":\"Jean-Luc and Takako Richard are glad to announce that they represent Fr\u00e9d\u00e9ric PRAT. - Galerie Richard\",\"isPartOf\":{\"@id\":\"https:\\\/\\\/www.galerierichard.com\\\/#website\"},\"primaryImageOfPage\":{\"@id\":\"https:\\\/\\\/www.galerierichard.com\\\/index.php\\\/en\\\/2024\\\/10\\\/24\\\/jean-luc-and-takako-richard-are-glad-to-announce-that-they-represent-frederic-prat\\\/#primaryimage\"},\"image\":{\"@id\":\"https:\\\/\\\/www.galerierichard.com\\\/index.php\\\/en\\\/2024\\\/10\\\/24\\\/jean-luc-and-takako-richard-are-glad-to-announce-that-they-represent-frederic-prat\\\/#primaryimage\"},\"thumbnailUrl\":\"https:\\\/\\\/www.galerierichard.com\\\/wp-content\\\/uploads\\\/2024\\\/10\\\/news-FP.png\",\"datePublished\":\"2024-10-24T14:53:39+00:00\",\"dateModified\":\"2025-05-06T13:49:42+00:00\",\"breadcrumb\":{\"@id\":\"https:\\\/\\\/www.galerierichard.com\\\/index.php\\\/en\\\/2024\\\/10\\\/24\\\/jean-luc-and-takako-richard-are-glad-to-announce-that-they-represent-frederic-prat\\\/#breadcrumb\"},\"inLanguage\":\"fr-FR\",\"potentialAction\":[{\"@type\":\"ReadAction\",\"target\":[\"https:\\\/\\\/www.galerierichard.com\\\/index.php\\\/en\\\/2024\\\/10\\\/24\\\/jean-luc-and-takako-richard-are-glad-to-announce-that-they-represent-frederic-prat\\\/\"]}]},{\"@type\":\"ImageObject\",\"inLanguage\":\"fr-FR\",\"@id\":\"https:\\\/\\\/www.galerierichard.com\\\/index.php\\\/en\\\/2024\\\/10\\\/24\\\/jean-luc-and-takako-richard-are-glad-to-announce-that-they-represent-frederic-prat\\\/#primaryimage\",\"url\":\"https:\\\/\\\/www.galerierichard.com\\\/wp-content\\\/uploads\\\/2024\\\/10\\\/news-FP.png\",\"contentUrl\":\"https:\\\/\\\/www.galerierichard.com\\\/wp-content\\\/uploads\\\/2024\\\/10\\\/news-FP.png\",\"width\":1810,\"height\":600},{\"@type\":\"BreadcrumbList\",\"@id\":\"https:\\\/\\\/www.galerierichard.com\\\/index.php\\\/en\\\/2024\\\/10\\\/24\\\/jean-luc-and-takako-richard-are-glad-to-announce-that-they-represent-frederic-prat\\\/#breadcrumb\",\"itemListElement\":[{\"@type\":\"ListItem\",\"position\":1,\"name\":\"Accueil\",\"item\":\"https:\\\/\\\/www.galerierichard.com\\\/\"},{\"@type\":\"ListItem\",\"position\":2,\"name\":\"Jean-Luc and Takako Richard are glad to announce that they represent Fr\u00e9d\u00e9ric PRAT.\"}]},{\"@type\":\"WebSite\",\"@id\":\"https:\\\/\\\/www.galerierichard.com\\\/#website\",\"url\":\"https:\\\/\\\/www.galerierichard.com\\\/\",\"name\":\"Galerie Richard\",\"description\":\"\",\"publisher\":{\"@id\":\"https:\\\/\\\/www.galerierichard.com\\\/#organization\"},\"potentialAction\":[{\"@type\":\"SearchAction\",\"target\":{\"@type\":\"EntryPoint\",\"urlTemplate\":\"https:\\\/\\\/www.galerierichard.com\\\/?s={search_term_string}\"},\"query-input\":{\"@type\":\"PropertyValueSpecification\",\"valueRequired\":true,\"valueName\":\"search_term_string\"}}],\"inLanguage\":\"fr-FR\"},{\"@type\":\"Organization\",\"@id\":\"https:\\\/\\\/www.galerierichard.com\\\/#organization\",\"name\":\"Galerie Richard\",\"url\":\"https:\\\/\\\/www.galerierichard.com\\\/\",\"logo\":{\"@type\":\"ImageObject\",\"inLanguage\":\"fr-FR\",\"@id\":\"https:\\\/\\\/www.galerierichard.com\\\/#\\\/schema\\\/logo\\\/image\\\/\",\"url\":\"https:\\\/\\\/www.galerierichard.com\\\/wp-content\\\/uploads\\\/2021\\\/07\\\/logo-galerie-richard.png\",\"contentUrl\":\"https:\\\/\\\/www.galerierichard.com\\\/wp-content\\\/uploads\\\/2021\\\/07\\\/logo-galerie-richard.png\",\"width\":295,\"height\":25,\"caption\":\"Galerie Richard\"},\"image\":{\"@id\":\"https:\\\/\\\/www.galerierichard.com\\\/#\\\/schema\\\/logo\\\/image\\\/\"},\"sameAs\":[\"https:\\\/\\\/www.facebook.com\\\/galerierichard\\\/\",\"https:\\\/\\\/x.com\\\/galerierichard\",\"https:\\\/\\\/www.instagram.com\\\/galerie.richard\\\/\",\"https:\\\/\\\/www.youtube.com\\\/channel\\\/UCwaMGcMSKAW565EC2g1RIVg\"]},{\"@type\":\"Person\",\"@id\":\"https:\\\/\\\/www.galerierichard.com\\\/#\\\/schema\\\/person\\\/3c19a920bd0358c1ddf328fe75022865\",\"name\":\"shopmanager\"}]}<\/script>\n<!-- \/ Yoast SEO plugin. -->","yoast_head_json":{"title":"Jean-Luc and Takako Richard are glad to announce that they represent Fr\u00e9d\u00e9ric PRAT. - Galerie Richard","robots":{"index":"index","follow":"follow","max-snippet":"max-snippet:-1","max-image-preview":"max-image-preview:large","max-video-preview":"max-video-preview:-1"},"canonical":"https:\/\/www.galerierichard.com\/index.php\/en\/2024\/10\/24\/jean-luc-and-takako-richard-are-glad-to-announce-that-they-represent-frederic-prat\/","og_locale":"fr_FR","og_type":"article","og_title":"Jean-Luc and Takako Richard are glad to announce that they represent Fr\u00e9d\u00e9ric PRAT. - Galerie Richard","og_description":"Jean-Luc and Takako Richard are glad to announce that they represent Fr\u00e9d\u00e9ric PRAT. Fr\u00e9d\u00e9ric PRAT was born in 1966 and graduated from the High School of Fine Arts in Paris in 1992. He lives and works in Paris. His paintings were exhibited mainly in France, Germany and Luxembourg. His works have been part of the [&hellip;]","og_url":"https:\/\/www.galerierichard.com\/index.php\/en\/2024\/10\/24\/jean-luc-and-takako-richard-are-glad-to-announce-that-they-represent-frederic-prat\/","og_site_name":"Galerie Richard","article_publisher":"https:\/\/www.facebook.com\/galerierichard\/","article_published_time":"2024-10-24T14:53:39+00:00","article_modified_time":"2025-05-06T13:49:42+00:00","og_image":[{"width":1810,"height":600,"url":"https:\/\/www.galerierichard.com\/wp-content\/uploads\/2024\/10\/news-FP.png","type":"image\/png"}],"author":"shopmanager","twitter_card":"summary_large_image","twitter_creator":"@galerierichard","twitter_site":"@galerierichard","twitter_misc":{"\u00c9crit par":"shopmanager","Dur\u00e9e de lecture estim\u00e9e":"1 minute"},"schema":{"@context":"https:\/\/schema.org","@graph":[{"@type":"Article","@id":"https:\/\/www.galerierichard.com\/index.php\/en\/2024\/10\/24\/jean-luc-and-takako-richard-are-glad-to-announce-that-they-represent-frederic-prat\/#article","isPartOf":{"@id":"https:\/\/www.galerierichard.com\/index.php\/en\/2024\/10\/24\/jean-luc-and-takako-richard-are-glad-to-announce-that-they-represent-frederic-prat\/"},"author":{"name":"shopmanager","@id":"https:\/\/www.galerierichard.com\/#\/schema\/person\/3c19a920bd0358c1ddf328fe75022865"},"headline":"Jean-Luc and Takako Richard are glad to announce that they represent Fr\u00e9d\u00e9ric PRAT.","datePublished":"2024-10-24T14:53:39+00:00","dateModified":"2025-05-06T13:49:42+00:00","mainEntityOfPage":{"@id":"https:\/\/www.galerierichard.com\/index.php\/en\/2024\/10\/24\/jean-luc-and-takako-richard-are-glad-to-announce-that-they-represent-frederic-prat\/"},"wordCount":81,"publisher":{"@id":"https:\/\/www.galerierichard.com\/#organization"},"image":{"@id":"https:\/\/www.galerierichard.com\/index.php\/en\/2024\/10\/24\/jean-luc-and-takako-richard-are-glad-to-announce-that-they-represent-frederic-prat\/#primaryimage"},"thumbnailUrl":"https:\/\/www.galerierichard.com\/wp-content\/uploads\/2024\/10\/news-FP.png","articleSection":["Fr\u00e9d\u00e9ric PRAT","News"],"inLanguage":"fr-FR"},{"@type":"WebPage","@id":"https:\/\/www.galerierichard.com\/index.php\/en\/2024\/10\/24\/jean-luc-and-takako-richard-are-glad-to-announce-that-they-represent-frederic-prat\/","url":"https:\/\/www.galerierichard.com\/index.php\/en\/2024\/10\/24\/jean-luc-and-takako-richard-are-glad-to-announce-that-they-represent-frederic-prat\/","name":"Jean-Luc and Takako Richard are glad to announce that they represent Fr\u00e9d\u00e9ric PRAT. - Galerie Richard","isPartOf":{"@id":"https:\/\/www.galerierichard.com\/#website"},"primaryImageOfPage":{"@id":"https:\/\/www.galerierichard.com\/index.php\/en\/2024\/10\/24\/jean-luc-and-takako-richard-are-glad-to-announce-that-they-represent-frederic-prat\/#primaryimage"},"image":{"@id":"https:\/\/www.galerierichard.com\/index.php\/en\/2024\/10\/24\/jean-luc-and-takako-richard-are-glad-to-announce-that-they-represent-frederic-prat\/#primaryimage"},"thumbnailUrl":"https:\/\/www.galerierichard.com\/wp-content\/uploads\/2024\/10\/news-FP.png","datePublished":"2024-10-24T14:53:39+00:00","dateModified":"2025-05-06T13:49:42+00:00","breadcrumb":{"@id":"https:\/\/www.galerierichard.com\/index.php\/en\/2024\/10\/24\/jean-luc-and-takako-richard-are-glad-to-announce-that-they-represent-frederic-prat\/#breadcrumb"},"inLanguage":"fr-FR","potentialAction":[{"@type":"ReadAction","target":["https:\/\/www.galerierichard.com\/index.php\/en\/2024\/10\/24\/jean-luc-and-takako-richard-are-glad-to-announce-that-they-represent-frederic-prat\/"]}]},{"@type":"ImageObject","inLanguage":"fr-FR","@id":"https:\/\/www.galerierichard.com\/index.php\/en\/2024\/10\/24\/jean-luc-and-takako-richard-are-glad-to-announce-that-they-represent-frederic-prat\/#primaryimage","url":"https:\/\/www.galerierichard.com\/wp-content\/uploads\/2024\/10\/news-FP.png","contentUrl":"https:\/\/www.galerierichard.com\/wp-content\/uploads\/2024\/10\/news-FP.png","width":1810,"height":600},{"@type":"BreadcrumbList","@id":"https:\/\/www.galerierichard.com\/index.php\/en\/2024\/10\/24\/jean-luc-and-takako-richard-are-glad-to-announce-that-they-represent-frederic-prat\/#breadcrumb","itemListElement":[{"@type":"ListItem","position":1,"name":"Accueil","item":"https:\/\/www.galerierichard.com\/"},{"@type":"ListItem","position":2,"name":"Jean-Luc and Takako Richard are glad to announce that they represent Fr\u00e9d\u00e9ric PRAT."}]},{"@type":"WebSite","@id":"https:\/\/www.galerierichard.com\/#website","url":"https:\/\/www.galerierichard.com\/","name":"Galerie Richard","description":"","publisher":{"@id":"https:\/\/www.galerierichard.com\/#organization"},"potentialAction":[{"@type":"SearchAction","target":{"@type":"EntryPoint","urlTemplate":"https:\/\/www.galerierichard.com\/?s={search_term_string}"},"query-input":{"@type":"PropertyValueSpecification","valueRequired":true,"valueName":"search_term_string"}}],"inLanguage":"fr-FR"},{"@type":"Organization","@id":"https:\/\/www.galerierichard.com\/#organization","name":"Galerie Richard","url":"https:\/\/www.galerierichard.com\/","logo":{"@type":"ImageObject","inLanguage":"fr-FR","@id":"https:\/\/www.galerierichard.com\/#\/schema\/logo\/image\/","url":"https:\/\/www.galerierichard.com\/wp-content\/uploads\/2021\/07\/logo-galerie-richard.png","contentUrl":"https:\/\/www.galerierichard.com\/wp-content\/uploads\/2021\/07\/logo-galerie-richard.png","width":295,"height":25,"caption":"Galerie Richard"},"image":{"@id":"https:\/\/www.galerierichard.com\/#\/schema\/logo\/image\/"},"sameAs":["https:\/\/www.facebook.com\/galerierichard\/","https:\/\/x.com\/galerierichard","https:\/\/www.instagram.com\/galerie.richard\/","https:\/\/www.youtube.com\/channel\/UCwaMGcMSKAW565EC2g1RIVg"]},{"@type":"Person","@id":"https:\/\/www.galerierichard.com\/#\/schema\/person\/3c19a920bd0358c1ddf328fe75022865","name":"shopmanager"}]}},"jetpack_featured_media_url":"https:\/\/www.galerierichard.com\/wp-content\/uploads\/2024\/10\/news-FP.png","jetpack_sharing_enabled":true,"_links":{"self":[{"href":"https:\/\/www.galerierichard.com\/index.php\/wp-json\/wp\/v2\/posts\/12327","targetHints":{"allow":["GET"]}}],"collection":[{"href":"https:\/\/www.galerierichard.com\/index.php\/wp-json\/wp\/v2\/posts"}],"about":[{"href":"https:\/\/www.galerierichard.com\/index.php\/wp-json\/wp\/v2\/types\/post"}],"author":[{"embeddable":true,"href":"https:\/\/www.galerierichard.com\/index.php\/wp-json\/wp\/v2\/users\/3"}],"replies":[{"embeddable":true,"href":"https:\/\/www.galerierichard.com\/index.php\/wp-json\/wp\/v2\/comments?post=12327"}],"version-history":[{"count":5,"href":"https:\/\/www.galerierichard.com\/index.php\/wp-json\/wp\/v2\/posts\/12327\/revisions"}],"predecessor-version":[{"id":13763,"href":"https:\/\/www.galerierichard.com\/index.php\/wp-json\/wp\/v2\/posts\/12327\/revisions\/13763"}],"wp:featuredmedia":[{"embeddable":true,"href":"https:\/\/www.galerierichard.com\/index.php\/wp-json\/wp\/v2\/media\/12325"}],"wp:attachment":[{"href":"https:\/\/www.galerierichard.com\/index.php\/wp-json\/wp\/v2\/media?parent=12327"}],"wp:term":[{"taxonomy":"category","embeddable":true,"href":"https:\/\/www.galerierichard.com\/index.php\/wp-json\/wp\/v2\/categories?post=12327"},{"taxonomy":"post_tag","embeddable":true,"href":"https:\/\/www.galerierichard.com\/index.php\/wp-json\/wp\/v2\/tags?post=12327"}],"curies":[{"name":"wp","href":"https:\/\/api.w.org\/{rel}","templated":true}]}}