{"id":12346,"date":"2024-10-29T16:58:28","date_gmt":"2024-10-29T15:58:28","guid":{"rendered":"https:\/\/www.galerierichard.com\/?p=12346"},"modified":"2025-05-06T15:47:14","modified_gmt":"2025-05-06T13:47:14","slug":"les-3-cha-expose-nicolas-guiet-pour-son-exposition-chambard-aconche-jusquau-15-decembre-2024","status":"publish","type":"post","link":"https:\/\/www.galerierichard.com\/index.php\/2024\/10\/29\/les-3-cha-expose-nicolas-guiet-pour-son-exposition-chambard-aconche-jusquau-15-decembre-2024\/","title":{"rendered":"Les 3 Cha expose Nicolas GUIET pour son exposition \u00ab\u00a0Chambard Aconch\u00e9\u00a0\u00bb jusqu&rsquo;au 15 d\u00e9cembre 2024."},"content":{"rendered":"<p>Le centre d&rsquo;art \u00ab\u00a0les 3 Cha\u00a0\u00bb organise l&rsquo;exposition personnelle de Nicolas GUIET s&rsquo;intitulant \u00ab\u00a0Chambard Aconch\u00e9\u00a0\u00bb, des installations g\u00e9om\u00e9triques.<\/p>\n<p>\u00ab\u00a0Des \u00e9l\u00e9ments g\u00e9om\u00e9triques sortent de terre quand d\u2019autres tubulaires s\u2019\u00e9l\u00e8vent, envahissant l\u2019espace pour cr\u00e9er un gigantesque dessin color\u00e9 tridimensionnel dans une respiration visuelle organis\u00e9e par des rythmes montants et descendants. L\u2019orthogonalit\u00e9 et la courbe se conjuguent dans une harmonie dynamique compl\u00e9mentaire.\u00a0\u00bb<\/p>\n<p>\u00a9 Marc Domage, <em>D\u00e9ranger les murs<\/em>, Labanque, B\u00e9thunes, 2021<\/p>\n","protected":false},"excerpt":{"rendered":"<p>Le centre d&rsquo;art \u00ab\u00a0les 3 Cha\u00a0\u00bb organise l&rsquo;exposition personnelle de Nicolas GUIET s&rsquo;intitulant \u00ab\u00a0Chambard Aconch\u00e9\u00a0\u00bb, des installations g\u00e9om\u00e9triques. \u00ab\u00a0Des \u00e9l\u00e9ments g\u00e9om\u00e9triques sortent de terre quand d\u2019autres tubulaires s\u2019\u00e9l\u00e8vent, envahissant l\u2019espace pour cr\u00e9er un gigantesque dessin color\u00e9 tridimensionnel dans une respiration visuelle organis\u00e9e par des rythmes montants et descendants. L\u2019orthogonalit\u00e9 et la courbe se conjuguent dans [&hellip;]<\/p>\n","protected":false},"author":3,"featured_media":12347,"comment_status":"closed","ping_status":"closed","sticky":false,"template":"","format":"standard","meta":{"_acf_changed":false,"_jetpack_memberships_contains_paid_content":false,"footnotes":""},"categories":[110,1939],"tags":[],"class_list":["post-12346","post","type-post","status-publish","format-standard","has-post-thumbnail","hentry","category-news","category-nicolas-guiet"],"acf":[],"yoast_head":"<!-- This site is optimized with the Yoast SEO plugin v27.5 - https:\/\/yoast.com\/product\/yoast-seo-wordpress\/ -->\n<title>Les 3 Cha expose Nicolas GUIET pour son exposition &quot;Chambard Aconch\u00e9&quot; jusqu&#039;au 15 d\u00e9cembre 2024. - Galerie Richard<\/title>\n<meta name=\"robots\" content=\"index, follow, max-snippet:-1, max-image-preview:large, max-video-preview:-1\" \/>\n<link rel=\"canonical\" href=\"https:\/\/www.galerierichard.com\/index.php\/2024\/10\/29\/les-3-cha-expose-nicolas-guiet-pour-son-exposition-chambard-aconche-jusquau-15-decembre-2024\/\" \/>\n<meta property=\"og:locale\" content=\"fr_FR\" \/>\n<meta property=\"og:type\" content=\"article\" \/>\n<meta property=\"og:title\" content=\"Les 3 Cha expose Nicolas GUIET pour son exposition &quot;Chambard Aconch\u00e9&quot; jusqu&#039;au 15 d\u00e9cembre 2024. - Galerie Richard\" \/>\n<meta property=\"og:description\" content=\"Le centre d&rsquo;art \u00ab\u00a0les 3 Cha\u00a0\u00bb organise l&rsquo;exposition personnelle de Nicolas GUIET s&rsquo;intitulant \u00ab\u00a0Chambard Aconch\u00e9\u00a0\u00bb, des installations g\u00e9om\u00e9triques. \u00ab\u00a0Des \u00e9l\u00e9ments g\u00e9om\u00e9triques sortent de terre quand d\u2019autres tubulaires s\u2019\u00e9l\u00e8vent, envahissant l\u2019espace pour cr\u00e9er un gigantesque dessin color\u00e9 tridimensionnel dans une respiration visuelle organis\u00e9e par des rythmes montants et descendants. L\u2019orthogonalit\u00e9 et la courbe se conjuguent dans [&hellip;]\" \/>\n<meta property=\"og:url\" content=\"https:\/\/www.galerierichard.com\/index.php\/2024\/10\/29\/les-3-cha-expose-nicolas-guiet-pour-son-exposition-chambard-aconche-jusquau-15-decembre-2024\/\" \/>\n<meta property=\"og:site_name\" content=\"Galerie Richard\" \/>\n<meta property=\"article:publisher\" content=\"https:\/\/www.facebook.com\/galerierichard\/\" \/>\n<meta property=\"article:published_time\" content=\"2024-10-29T15:58:28+00:00\" \/>\n<meta property=\"article:modified_time\" content=\"2025-05-06T13:47:14+00:00\" \/>\n<meta property=\"og:image\" content=\"https:\/\/www.galerierichard.com\/wp-content\/uploads\/2024\/10\/artpress-NC-.png\" \/>\n\t<meta property=\"og:image:width\" content=\"1810\" \/>\n\t<meta property=\"og:image:height\" content=\"600\" \/>\n\t<meta property=\"og:image:type\" content=\"image\/png\" \/>\n<meta name=\"author\" content=\"shopmanager\" \/>\n<meta name=\"twitter:card\" content=\"summary_large_image\" \/>\n<meta name=\"twitter:creator\" content=\"@galerierichard\" \/>\n<meta name=\"twitter:site\" content=\"@galerierichard\" \/>\n<meta name=\"twitter:label1\" content=\"\u00c9crit par\" \/>\n\t<meta name=\"twitter:data1\" content=\"shopmanager\" \/>\n\t<meta name=\"twitter:label2\" content=\"Dur\u00e9e de lecture estim\u00e9e\" \/>\n\t<meta name=\"twitter:data2\" content=\"1 minute\" \/>\n<script type=\"application\/ld+json\" class=\"yoast-schema-graph\">{\"@context\":\"https:\\\/\\\/schema.org\",\"@graph\":[{\"@type\":\"Article\",\"@id\":\"https:\\\/\\\/www.galerierichard.com\\\/index.php\\\/2024\\\/10\\\/29\\\/les-3-cha-expose-nicolas-guiet-pour-son-exposition-chambard-aconche-jusquau-15-decembre-2024\\\/#article\",\"isPartOf\":{\"@id\":\"https:\\\/\\\/www.galerierichard.com\\\/index.php\\\/2024\\\/10\\\/29\\\/les-3-cha-expose-nicolas-guiet-pour-son-exposition-chambard-aconche-jusquau-15-decembre-2024\\\/\"},\"author\":{\"name\":\"shopmanager\",\"@id\":\"https:\\\/\\\/www.galerierichard.com\\\/#\\\/schema\\\/person\\\/3c19a920bd0358c1ddf328fe75022865\"},\"headline\":\"Les 3 Cha expose Nicolas GUIET pour son exposition \u00ab\u00a0Chambard Aconch\u00e9\u00a0\u00bb jusqu&rsquo;au 15 d\u00e9cembre 2024.\",\"datePublished\":\"2024-10-29T15:58:28+00:00\",\"dateModified\":\"2025-05-06T13:47:14+00:00\",\"mainEntityOfPage\":{\"@id\":\"https:\\\/\\\/www.galerierichard.com\\\/index.php\\\/2024\\\/10\\\/29\\\/les-3-cha-expose-nicolas-guiet-pour-son-exposition-chambard-aconche-jusquau-15-decembre-2024\\\/\"},\"wordCount\":93,\"publisher\":{\"@id\":\"https:\\\/\\\/www.galerierichard.com\\\/#organization\"},\"image\":{\"@id\":\"https:\\\/\\\/www.galerierichard.com\\\/index.php\\\/2024\\\/10\\\/29\\\/les-3-cha-expose-nicolas-guiet-pour-son-exposition-chambard-aconche-jusquau-15-decembre-2024\\\/#primaryimage\"},\"thumbnailUrl\":\"https:\\\/\\\/www.galerierichard.com\\\/wp-content\\\/uploads\\\/2024\\\/10\\\/artpress-NC-.png\",\"articleSection\":[\"News\",\"Nicolas GUIET\"],\"inLanguage\":\"fr-FR\"},{\"@type\":\"WebPage\",\"@id\":\"https:\\\/\\\/www.galerierichard.com\\\/index.php\\\/2024\\\/10\\\/29\\\/les-3-cha-expose-nicolas-guiet-pour-son-exposition-chambard-aconche-jusquau-15-decembre-2024\\\/\",\"url\":\"https:\\\/\\\/www.galerierichard.com\\\/index.php\\\/2024\\\/10\\\/29\\\/les-3-cha-expose-nicolas-guiet-pour-son-exposition-chambard-aconche-jusquau-15-decembre-2024\\\/\",\"name\":\"Les 3 Cha expose Nicolas GUIET pour son exposition \\\"Chambard Aconch\u00e9\\\" jusqu'au 15 d\u00e9cembre 2024. - Galerie Richard\",\"isPartOf\":{\"@id\":\"https:\\\/\\\/www.galerierichard.com\\\/#website\"},\"primaryImageOfPage\":{\"@id\":\"https:\\\/\\\/www.galerierichard.com\\\/index.php\\\/2024\\\/10\\\/29\\\/les-3-cha-expose-nicolas-guiet-pour-son-exposition-chambard-aconche-jusquau-15-decembre-2024\\\/#primaryimage\"},\"image\":{\"@id\":\"https:\\\/\\\/www.galerierichard.com\\\/index.php\\\/2024\\\/10\\\/29\\\/les-3-cha-expose-nicolas-guiet-pour-son-exposition-chambard-aconche-jusquau-15-decembre-2024\\\/#primaryimage\"},\"thumbnailUrl\":\"https:\\\/\\\/www.galerierichard.com\\\/wp-content\\\/uploads\\\/2024\\\/10\\\/artpress-NC-.png\",\"datePublished\":\"2024-10-29T15:58:28+00:00\",\"dateModified\":\"2025-05-06T13:47:14+00:00\",\"breadcrumb\":{\"@id\":\"https:\\\/\\\/www.galerierichard.com\\\/index.php\\\/2024\\\/10\\\/29\\\/les-3-cha-expose-nicolas-guiet-pour-son-exposition-chambard-aconche-jusquau-15-decembre-2024\\\/#breadcrumb\"},\"inLanguage\":\"fr-FR\",\"potentialAction\":[{\"@type\":\"ReadAction\",\"target\":[\"https:\\\/\\\/www.galerierichard.com\\\/index.php\\\/2024\\\/10\\\/29\\\/les-3-cha-expose-nicolas-guiet-pour-son-exposition-chambard-aconche-jusquau-15-decembre-2024\\\/\"]}]},{\"@type\":\"ImageObject\",\"inLanguage\":\"fr-FR\",\"@id\":\"https:\\\/\\\/www.galerierichard.com\\\/index.php\\\/2024\\\/10\\\/29\\\/les-3-cha-expose-nicolas-guiet-pour-son-exposition-chambard-aconche-jusquau-15-decembre-2024\\\/#primaryimage\",\"url\":\"https:\\\/\\\/www.galerierichard.com\\\/wp-content\\\/uploads\\\/2024\\\/10\\\/artpress-NC-.png\",\"contentUrl\":\"https:\\\/\\\/www.galerierichard.com\\\/wp-content\\\/uploads\\\/2024\\\/10\\\/artpress-NC-.png\",\"width\":1810,\"height\":600},{\"@type\":\"BreadcrumbList\",\"@id\":\"https:\\\/\\\/www.galerierichard.com\\\/index.php\\\/2024\\\/10\\\/29\\\/les-3-cha-expose-nicolas-guiet-pour-son-exposition-chambard-aconche-jusquau-15-decembre-2024\\\/#breadcrumb\",\"itemListElement\":[{\"@type\":\"ListItem\",\"position\":1,\"name\":\"Accueil\",\"item\":\"https:\\\/\\\/www.galerierichard.com\\\/\"},{\"@type\":\"ListItem\",\"position\":2,\"name\":\"Les 3 Cha expose Nicolas GUIET pour son exposition \u00ab\u00a0Chambard Aconch\u00e9\u00a0\u00bb jusqu&rsquo;au 15 d\u00e9cembre 2024.\"}]},{\"@type\":\"WebSite\",\"@id\":\"https:\\\/\\\/www.galerierichard.com\\\/#website\",\"url\":\"https:\\\/\\\/www.galerierichard.com\\\/\",\"name\":\"Galerie Richard\",\"description\":\"\",\"publisher\":{\"@id\":\"https:\\\/\\\/www.galerierichard.com\\\/#organization\"},\"potentialAction\":[{\"@type\":\"SearchAction\",\"target\":{\"@type\":\"EntryPoint\",\"urlTemplate\":\"https:\\\/\\\/www.galerierichard.com\\\/?s={search_term_string}\"},\"query-input\":{\"@type\":\"PropertyValueSpecification\",\"valueRequired\":true,\"valueName\":\"search_term_string\"}}],\"inLanguage\":\"fr-FR\"},{\"@type\":\"Organization\",\"@id\":\"https:\\\/\\\/www.galerierichard.com\\\/#organization\",\"name\":\"Galerie Richard\",\"url\":\"https:\\\/\\\/www.galerierichard.com\\\/\",\"logo\":{\"@type\":\"ImageObject\",\"inLanguage\":\"fr-FR\",\"@id\":\"https:\\\/\\\/www.galerierichard.com\\\/#\\\/schema\\\/logo\\\/image\\\/\",\"url\":\"https:\\\/\\\/www.galerierichard.com\\\/wp-content\\\/uploads\\\/2021\\\/07\\\/logo-galerie-richard.png\",\"contentUrl\":\"https:\\\/\\\/www.galerierichard.com\\\/wp-content\\\/uploads\\\/2021\\\/07\\\/logo-galerie-richard.png\",\"width\":295,\"height\":25,\"caption\":\"Galerie Richard\"},\"image\":{\"@id\":\"https:\\\/\\\/www.galerierichard.com\\\/#\\\/schema\\\/logo\\\/image\\\/\"},\"sameAs\":[\"https:\\\/\\\/www.facebook.com\\\/galerierichard\\\/\",\"https:\\\/\\\/x.com\\\/galerierichard\",\"https:\\\/\\\/www.instagram.com\\\/galerie.richard\\\/\",\"https:\\\/\\\/www.youtube.com\\\/channel\\\/UCwaMGcMSKAW565EC2g1RIVg\"]},{\"@type\":\"Person\",\"@id\":\"https:\\\/\\\/www.galerierichard.com\\\/#\\\/schema\\\/person\\\/3c19a920bd0358c1ddf328fe75022865\",\"name\":\"shopmanager\"}]}<\/script>\n<!-- \/ Yoast SEO plugin. -->","yoast_head_json":{"title":"Les 3 Cha expose Nicolas GUIET pour son exposition \"Chambard Aconch\u00e9\" jusqu'au 15 d\u00e9cembre 2024. - Galerie Richard","robots":{"index":"index","follow":"follow","max-snippet":"max-snippet:-1","max-image-preview":"max-image-preview:large","max-video-preview":"max-video-preview:-1"},"canonical":"https:\/\/www.galerierichard.com\/index.php\/2024\/10\/29\/les-3-cha-expose-nicolas-guiet-pour-son-exposition-chambard-aconche-jusquau-15-decembre-2024\/","og_locale":"fr_FR","og_type":"article","og_title":"Les 3 Cha expose Nicolas GUIET pour son exposition \"Chambard Aconch\u00e9\" jusqu'au 15 d\u00e9cembre 2024. - Galerie Richard","og_description":"Le centre d&rsquo;art \u00ab\u00a0les 3 Cha\u00a0\u00bb organise l&rsquo;exposition personnelle de Nicolas GUIET s&rsquo;intitulant \u00ab\u00a0Chambard Aconch\u00e9\u00a0\u00bb, des installations g\u00e9om\u00e9triques. \u00ab\u00a0Des \u00e9l\u00e9ments g\u00e9om\u00e9triques sortent de terre quand d\u2019autres tubulaires s\u2019\u00e9l\u00e8vent, envahissant l\u2019espace pour cr\u00e9er un gigantesque dessin color\u00e9 tridimensionnel dans une respiration visuelle organis\u00e9e par des rythmes montants et descendants. L\u2019orthogonalit\u00e9 et la courbe se conjuguent dans [&hellip;]","og_url":"https:\/\/www.galerierichard.com\/index.php\/2024\/10\/29\/les-3-cha-expose-nicolas-guiet-pour-son-exposition-chambard-aconche-jusquau-15-decembre-2024\/","og_site_name":"Galerie Richard","article_publisher":"https:\/\/www.facebook.com\/galerierichard\/","article_published_time":"2024-10-29T15:58:28+00:00","article_modified_time":"2025-05-06T13:47:14+00:00","og_image":[{"width":1810,"height":600,"url":"https:\/\/www.galerierichard.com\/wp-content\/uploads\/2024\/10\/artpress-NC-.png","type":"image\/png"}],"author":"shopmanager","twitter_card":"summary_large_image","twitter_creator":"@galerierichard","twitter_site":"@galerierichard","twitter_misc":{"\u00c9crit par":"shopmanager","Dur\u00e9e de lecture estim\u00e9e":"1 minute"},"schema":{"@context":"https:\/\/schema.org","@graph":[{"@type":"Article","@id":"https:\/\/www.galerierichard.com\/index.php\/2024\/10\/29\/les-3-cha-expose-nicolas-guiet-pour-son-exposition-chambard-aconche-jusquau-15-decembre-2024\/#article","isPartOf":{"@id":"https:\/\/www.galerierichard.com\/index.php\/2024\/10\/29\/les-3-cha-expose-nicolas-guiet-pour-son-exposition-chambard-aconche-jusquau-15-decembre-2024\/"},"author":{"name":"shopmanager","@id":"https:\/\/www.galerierichard.com\/#\/schema\/person\/3c19a920bd0358c1ddf328fe75022865"},"headline":"Les 3 Cha expose Nicolas GUIET pour son exposition \u00ab\u00a0Chambard Aconch\u00e9\u00a0\u00bb jusqu&rsquo;au 15 d\u00e9cembre 2024.","datePublished":"2024-10-29T15:58:28+00:00","dateModified":"2025-05-06T13:47:14+00:00","mainEntityOfPage":{"@id":"https:\/\/www.galerierichard.com\/index.php\/2024\/10\/29\/les-3-cha-expose-nicolas-guiet-pour-son-exposition-chambard-aconche-jusquau-15-decembre-2024\/"},"wordCount":93,"publisher":{"@id":"https:\/\/www.galerierichard.com\/#organization"},"image":{"@id":"https:\/\/www.galerierichard.com\/index.php\/2024\/10\/29\/les-3-cha-expose-nicolas-guiet-pour-son-exposition-chambard-aconche-jusquau-15-decembre-2024\/#primaryimage"},"thumbnailUrl":"https:\/\/www.galerierichard.com\/wp-content\/uploads\/2024\/10\/artpress-NC-.png","articleSection":["News","Nicolas GUIET"],"inLanguage":"fr-FR"},{"@type":"WebPage","@id":"https:\/\/www.galerierichard.com\/index.php\/2024\/10\/29\/les-3-cha-expose-nicolas-guiet-pour-son-exposition-chambard-aconche-jusquau-15-decembre-2024\/","url":"https:\/\/www.galerierichard.com\/index.php\/2024\/10\/29\/les-3-cha-expose-nicolas-guiet-pour-son-exposition-chambard-aconche-jusquau-15-decembre-2024\/","name":"Les 3 Cha expose Nicolas GUIET pour son exposition \"Chambard Aconch\u00e9\" jusqu'au 15 d\u00e9cembre 2024. - Galerie Richard","isPartOf":{"@id":"https:\/\/www.galerierichard.com\/#website"},"primaryImageOfPage":{"@id":"https:\/\/www.galerierichard.com\/index.php\/2024\/10\/29\/les-3-cha-expose-nicolas-guiet-pour-son-exposition-chambard-aconche-jusquau-15-decembre-2024\/#primaryimage"},"image":{"@id":"https:\/\/www.galerierichard.com\/index.php\/2024\/10\/29\/les-3-cha-expose-nicolas-guiet-pour-son-exposition-chambard-aconche-jusquau-15-decembre-2024\/#primaryimage"},"thumbnailUrl":"https:\/\/www.galerierichard.com\/wp-content\/uploads\/2024\/10\/artpress-NC-.png","datePublished":"2024-10-29T15:58:28+00:00","dateModified":"2025-05-06T13:47:14+00:00","breadcrumb":{"@id":"https:\/\/www.galerierichard.com\/index.php\/2024\/10\/29\/les-3-cha-expose-nicolas-guiet-pour-son-exposition-chambard-aconche-jusquau-15-decembre-2024\/#breadcrumb"},"inLanguage":"fr-FR","potentialAction":[{"@type":"ReadAction","target":["https:\/\/www.galerierichard.com\/index.php\/2024\/10\/29\/les-3-cha-expose-nicolas-guiet-pour-son-exposition-chambard-aconche-jusquau-15-decembre-2024\/"]}]},{"@type":"ImageObject","inLanguage":"fr-FR","@id":"https:\/\/www.galerierichard.com\/index.php\/2024\/10\/29\/les-3-cha-expose-nicolas-guiet-pour-son-exposition-chambard-aconche-jusquau-15-decembre-2024\/#primaryimage","url":"https:\/\/www.galerierichard.com\/wp-content\/uploads\/2024\/10\/artpress-NC-.png","contentUrl":"https:\/\/www.galerierichard.com\/wp-content\/uploads\/2024\/10\/artpress-NC-.png","width":1810,"height":600},{"@type":"BreadcrumbList","@id":"https:\/\/www.galerierichard.com\/index.php\/2024\/10\/29\/les-3-cha-expose-nicolas-guiet-pour-son-exposition-chambard-aconche-jusquau-15-decembre-2024\/#breadcrumb","itemListElement":[{"@type":"ListItem","position":1,"name":"Accueil","item":"https:\/\/www.galerierichard.com\/"},{"@type":"ListItem","position":2,"name":"Les 3 Cha expose Nicolas GUIET pour son exposition \u00ab\u00a0Chambard Aconch\u00e9\u00a0\u00bb jusqu&rsquo;au 15 d\u00e9cembre 2024."}]},{"@type":"WebSite","@id":"https:\/\/www.galerierichard.com\/#website","url":"https:\/\/www.galerierichard.com\/","name":"Galerie Richard","description":"","publisher":{"@id":"https:\/\/www.galerierichard.com\/#organization"},"potentialAction":[{"@type":"SearchAction","target":{"@type":"EntryPoint","urlTemplate":"https:\/\/www.galerierichard.com\/?s={search_term_string}"},"query-input":{"@type":"PropertyValueSpecification","valueRequired":true,"valueName":"search_term_string"}}],"inLanguage":"fr-FR"},{"@type":"Organization","@id":"https:\/\/www.galerierichard.com\/#organization","name":"Galerie Richard","url":"https:\/\/www.galerierichard.com\/","logo":{"@type":"ImageObject","inLanguage":"fr-FR","@id":"https:\/\/www.galerierichard.com\/#\/schema\/logo\/image\/","url":"https:\/\/www.galerierichard.com\/wp-content\/uploads\/2021\/07\/logo-galerie-richard.png","contentUrl":"https:\/\/www.galerierichard.com\/wp-content\/uploads\/2021\/07\/logo-galerie-richard.png","width":295,"height":25,"caption":"Galerie Richard"},"image":{"@id":"https:\/\/www.galerierichard.com\/#\/schema\/logo\/image\/"},"sameAs":["https:\/\/www.facebook.com\/galerierichard\/","https:\/\/x.com\/galerierichard","https:\/\/www.instagram.com\/galerie.richard\/","https:\/\/www.youtube.com\/channel\/UCwaMGcMSKAW565EC2g1RIVg"]},{"@type":"Person","@id":"https:\/\/www.galerierichard.com\/#\/schema\/person\/3c19a920bd0358c1ddf328fe75022865","name":"shopmanager"}]}},"jetpack_featured_media_url":"https:\/\/www.galerierichard.com\/wp-content\/uploads\/2024\/10\/artpress-NC-.png","jetpack_sharing_enabled":true,"_links":{"self":[{"href":"https:\/\/www.galerierichard.com\/index.php\/wp-json\/wp\/v2\/posts\/12346","targetHints":{"allow":["GET"]}}],"collection":[{"href":"https:\/\/www.galerierichard.com\/index.php\/wp-json\/wp\/v2\/posts"}],"about":[{"href":"https:\/\/www.galerierichard.com\/index.php\/wp-json\/wp\/v2\/types\/post"}],"author":[{"embeddable":true,"href":"https:\/\/www.galerierichard.com\/index.php\/wp-json\/wp\/v2\/users\/3"}],"replies":[{"embeddable":true,"href":"https:\/\/www.galerierichard.com\/index.php\/wp-json\/wp\/v2\/comments?post=12346"}],"version-history":[{"count":4,"href":"https:\/\/www.galerierichard.com\/index.php\/wp-json\/wp\/v2\/posts\/12346\/revisions"}],"predecessor-version":[{"id":13760,"href":"https:\/\/www.galerierichard.com\/index.php\/wp-json\/wp\/v2\/posts\/12346\/revisions\/13760"}],"wp:featuredmedia":[{"embeddable":true,"href":"https:\/\/www.galerierichard.com\/index.php\/wp-json\/wp\/v2\/media\/12347"}],"wp:attachment":[{"href":"https:\/\/www.galerierichard.com\/index.php\/wp-json\/wp\/v2\/media?parent=12346"}],"wp:term":[{"taxonomy":"category","embeddable":true,"href":"https:\/\/www.galerierichard.com\/index.php\/wp-json\/wp\/v2\/categories?post=12346"},{"taxonomy":"post_tag","embeddable":true,"href":"https:\/\/www.galerierichard.com\/index.php\/wp-json\/wp\/v2\/tags?post=12346"}],"curies":[{"name":"wp","href":"https:\/\/api.w.org\/{rel}","templated":true}]}}