{"id":12542,"date":"2024-11-13T18:47:52","date_gmt":"2024-11-13T17:47:52","guid":{"rendered":"https:\/\/www.galerierichard.com\/?p=12542"},"modified":"2024-11-13T18:50:02","modified_gmt":"2024-11-13T17:50:02","slug":"nicolas-guiet-exposera-au-centre-culturel-maif-social-club-pour-une-exposition-collective-jusquau-4-janvier-2025","status":"publish","type":"post","link":"https:\/\/www.galerierichard.com\/index.php\/2024\/11\/13\/nicolas-guiet-exposera-au-centre-culturel-maif-social-club-pour-une-exposition-collective-jusquau-4-janvier-2025\/","title":{"rendered":"Nicolas GUIET expose au centre culturel Maif Social Club pour une exposition collective jusqu&rsquo;au 4 janvier 2025"},"content":{"rendered":"<p>\u00ab\u00a0Enfin, inspir\u00e9 par le Modulor de l\u2019architecte Le Corbusier, <a href=\"https:\/\/programmation.maifsocialclub.fr\/intervenants\/nicolas-guiet\/\">Nicolas Guiet<\/a> nous propose d\u2019interagir avec sa sculpture et rappelle ce faisant que notre corps est l\u2019\u00e9chelle de notre rapport au monde.\u00a0\u00bb<\/p>\n<p>\u00a9<em> Alun Callender, \u00a9 Susann Jamt\u00f8y _ Tr\u00f8ndelag, \u00a9smarins, \u00a9N.Guiet, \u00a9Roxanne Andr\u00e8s, \u00a9\u00c9lisabeth Dayn\u00e8s, \u00a9Myriam Mechita, \u00a9Sophie de Oliviera, \u00a9Ed Hall, \u00a9Scenocosme, \u00a9Arnaud Adami, \u00a9Anders Sune Berg<\/em><\/p>\n","protected":false},"excerpt":{"rendered":"<p>\u00ab\u00a0Enfin, inspir\u00e9 par le Modulor de l\u2019architecte Le Corbusier, Nicolas Guiet nous propose d\u2019interagir avec sa sculpture et rappelle ce faisant que notre corps est l\u2019\u00e9chelle de notre rapport au monde.\u00a0\u00bb \u00a9 Alun Callender, \u00a9 Susann Jamt\u00f8y _ Tr\u00f8ndelag, \u00a9smarins, \u00a9N.Guiet, \u00a9Roxanne Andr\u00e8s, \u00a9\u00c9lisabeth Dayn\u00e8s, \u00a9Myriam Mechita, \u00a9Sophie de Oliviera, \u00a9Ed Hall, \u00a9Scenocosme, \u00a9Arnaud Adami, [&hellip;]<\/p>\n","protected":false},"author":3,"featured_media":12543,"comment_status":"closed","ping_status":"closed","sticky":false,"template":"gr-single-news.php","format":"standard","meta":{"_acf_changed":false,"_jetpack_memberships_contains_paid_content":false,"footnotes":""},"categories":[110,1939],"tags":[],"class_list":["post-12542","post","type-post","status-publish","format-standard","has-post-thumbnail","hentry","category-news","category-nicolas-guiet"],"acf":[],"yoast_head":"<!-- This site is optimized with the Yoast SEO plugin v27.5 - https:\/\/yoast.com\/product\/yoast-seo-wordpress\/ -->\n<title>Nicolas GUIET expose au centre culturel Maif Social Club pour une exposition collective jusqu&#039;au 4 janvier 2025 - Galerie Richard<\/title>\n<meta name=\"robots\" content=\"index, follow, max-snippet:-1, max-image-preview:large, max-video-preview:-1\" \/>\n<link rel=\"canonical\" href=\"https:\/\/www.galerierichard.com\/index.php\/2024\/11\/13\/nicolas-guiet-exposera-au-centre-culturel-maif-social-club-pour-une-exposition-collective-jusquau-4-janvier-2025\/\" \/>\n<meta property=\"og:locale\" content=\"fr_FR\" \/>\n<meta property=\"og:type\" content=\"article\" \/>\n<meta property=\"og:title\" content=\"Nicolas GUIET expose au centre culturel Maif Social Club pour une exposition collective jusqu&#039;au 4 janvier 2025 - Galerie Richard\" \/>\n<meta property=\"og:description\" content=\"\u00ab\u00a0Enfin, inspir\u00e9 par le Modulor de l\u2019architecte Le Corbusier, Nicolas Guiet nous propose d\u2019interagir avec sa sculpture et rappelle ce faisant que notre corps est l\u2019\u00e9chelle de notre rapport au monde.\u00a0\u00bb \u00a9 Alun Callender, \u00a9 Susann Jamt\u00f8y _ Tr\u00f8ndelag, \u00a9smarins, \u00a9N.Guiet, \u00a9Roxanne Andr\u00e8s, \u00a9\u00c9lisabeth Dayn\u00e8s, \u00a9Myriam Mechita, \u00a9Sophie de Oliviera, \u00a9Ed Hall, \u00a9Scenocosme, \u00a9Arnaud Adami, [&hellip;]\" \/>\n<meta property=\"og:url\" content=\"https:\/\/www.galerierichard.com\/index.php\/2024\/11\/13\/nicolas-guiet-exposera-au-centre-culturel-maif-social-club-pour-une-exposition-collective-jusquau-4-janvier-2025\/\" \/>\n<meta property=\"og:site_name\" content=\"Galerie Richard\" \/>\n<meta property=\"article:publisher\" content=\"https:\/\/www.facebook.com\/galerierichard\/\" \/>\n<meta property=\"article:published_time\" content=\"2024-11-13T17:47:52+00:00\" \/>\n<meta property=\"article:modified_time\" content=\"2024-11-13T17:50:02+00:00\" \/>\n<meta property=\"og:image\" content=\"https:\/\/www.galerierichard.com\/wp-content\/uploads\/2024\/11\/artpress-guiet.png\" \/>\n\t<meta property=\"og:image:width\" content=\"1810\" \/>\n\t<meta property=\"og:image:height\" content=\"600\" \/>\n\t<meta property=\"og:image:type\" content=\"image\/png\" \/>\n<meta name=\"author\" content=\"shopmanager\" \/>\n<meta name=\"twitter:card\" content=\"summary_large_image\" \/>\n<meta name=\"twitter:creator\" content=\"@galerierichard\" \/>\n<meta name=\"twitter:site\" content=\"@galerierichard\" \/>\n<meta name=\"twitter:label1\" content=\"\u00c9crit par\" \/>\n\t<meta name=\"twitter:data1\" content=\"shopmanager\" \/>\n\t<meta name=\"twitter:label2\" content=\"Dur\u00e9e de lecture estim\u00e9e\" \/>\n\t<meta name=\"twitter:data2\" content=\"1 minute\" \/>\n<script type=\"application\/ld+json\" class=\"yoast-schema-graph\">{\"@context\":\"https:\\\/\\\/schema.org\",\"@graph\":[{\"@type\":\"Article\",\"@id\":\"https:\\\/\\\/www.galerierichard.com\\\/index.php\\\/2024\\\/11\\\/13\\\/nicolas-guiet-exposera-au-centre-culturel-maif-social-club-pour-une-exposition-collective-jusquau-4-janvier-2025\\\/#article\",\"isPartOf\":{\"@id\":\"https:\\\/\\\/www.galerierichard.com\\\/index.php\\\/2024\\\/11\\\/13\\\/nicolas-guiet-exposera-au-centre-culturel-maif-social-club-pour-une-exposition-collective-jusquau-4-janvier-2025\\\/\"},\"author\":{\"name\":\"shopmanager\",\"@id\":\"https:\\\/\\\/www.galerierichard.com\\\/#\\\/schema\\\/person\\\/3c19a920bd0358c1ddf328fe75022865\"},\"headline\":\"Nicolas GUIET expose au centre culturel Maif Social Club pour une exposition collective jusqu&rsquo;au 4 janvier 2025\",\"datePublished\":\"2024-11-13T17:47:52+00:00\",\"dateModified\":\"2024-11-13T17:50:02+00:00\",\"mainEntityOfPage\":{\"@id\":\"https:\\\/\\\/www.galerierichard.com\\\/index.php\\\/2024\\\/11\\\/13\\\/nicolas-guiet-exposera-au-centre-culturel-maif-social-club-pour-une-exposition-collective-jusquau-4-janvier-2025\\\/\"},\"wordCount\":78,\"publisher\":{\"@id\":\"https:\\\/\\\/www.galerierichard.com\\\/#organization\"},\"image\":{\"@id\":\"https:\\\/\\\/www.galerierichard.com\\\/index.php\\\/2024\\\/11\\\/13\\\/nicolas-guiet-exposera-au-centre-culturel-maif-social-club-pour-une-exposition-collective-jusquau-4-janvier-2025\\\/#primaryimage\"},\"thumbnailUrl\":\"https:\\\/\\\/www.galerierichard.com\\\/wp-content\\\/uploads\\\/2024\\\/11\\\/artpress-guiet.png\",\"articleSection\":[\"News\",\"Nicolas GUIET\"],\"inLanguage\":\"fr-FR\"},{\"@type\":\"WebPage\",\"@id\":\"https:\\\/\\\/www.galerierichard.com\\\/index.php\\\/2024\\\/11\\\/13\\\/nicolas-guiet-exposera-au-centre-culturel-maif-social-club-pour-une-exposition-collective-jusquau-4-janvier-2025\\\/\",\"url\":\"https:\\\/\\\/www.galerierichard.com\\\/index.php\\\/2024\\\/11\\\/13\\\/nicolas-guiet-exposera-au-centre-culturel-maif-social-club-pour-une-exposition-collective-jusquau-4-janvier-2025\\\/\",\"name\":\"Nicolas GUIET expose au centre culturel Maif Social Club pour une exposition collective jusqu'au 4 janvier 2025 - Galerie Richard\",\"isPartOf\":{\"@id\":\"https:\\\/\\\/www.galerierichard.com\\\/#website\"},\"primaryImageOfPage\":{\"@id\":\"https:\\\/\\\/www.galerierichard.com\\\/index.php\\\/2024\\\/11\\\/13\\\/nicolas-guiet-exposera-au-centre-culturel-maif-social-club-pour-une-exposition-collective-jusquau-4-janvier-2025\\\/#primaryimage\"},\"image\":{\"@id\":\"https:\\\/\\\/www.galerierichard.com\\\/index.php\\\/2024\\\/11\\\/13\\\/nicolas-guiet-exposera-au-centre-culturel-maif-social-club-pour-une-exposition-collective-jusquau-4-janvier-2025\\\/#primaryimage\"},\"thumbnailUrl\":\"https:\\\/\\\/www.galerierichard.com\\\/wp-content\\\/uploads\\\/2024\\\/11\\\/artpress-guiet.png\",\"datePublished\":\"2024-11-13T17:47:52+00:00\",\"dateModified\":\"2024-11-13T17:50:02+00:00\",\"breadcrumb\":{\"@id\":\"https:\\\/\\\/www.galerierichard.com\\\/index.php\\\/2024\\\/11\\\/13\\\/nicolas-guiet-exposera-au-centre-culturel-maif-social-club-pour-une-exposition-collective-jusquau-4-janvier-2025\\\/#breadcrumb\"},\"inLanguage\":\"fr-FR\",\"potentialAction\":[{\"@type\":\"ReadAction\",\"target\":[\"https:\\\/\\\/www.galerierichard.com\\\/index.php\\\/2024\\\/11\\\/13\\\/nicolas-guiet-exposera-au-centre-culturel-maif-social-club-pour-une-exposition-collective-jusquau-4-janvier-2025\\\/\"]}]},{\"@type\":\"ImageObject\",\"inLanguage\":\"fr-FR\",\"@id\":\"https:\\\/\\\/www.galerierichard.com\\\/index.php\\\/2024\\\/11\\\/13\\\/nicolas-guiet-exposera-au-centre-culturel-maif-social-club-pour-une-exposition-collective-jusquau-4-janvier-2025\\\/#primaryimage\",\"url\":\"https:\\\/\\\/www.galerierichard.com\\\/wp-content\\\/uploads\\\/2024\\\/11\\\/artpress-guiet.png\",\"contentUrl\":\"https:\\\/\\\/www.galerierichard.com\\\/wp-content\\\/uploads\\\/2024\\\/11\\\/artpress-guiet.png\",\"width\":1810,\"height\":600},{\"@type\":\"BreadcrumbList\",\"@id\":\"https:\\\/\\\/www.galerierichard.com\\\/index.php\\\/2024\\\/11\\\/13\\\/nicolas-guiet-exposera-au-centre-culturel-maif-social-club-pour-une-exposition-collective-jusquau-4-janvier-2025\\\/#breadcrumb\",\"itemListElement\":[{\"@type\":\"ListItem\",\"position\":1,\"name\":\"Accueil\",\"item\":\"https:\\\/\\\/www.galerierichard.com\\\/\"},{\"@type\":\"ListItem\",\"position\":2,\"name\":\"Nicolas GUIET expose au centre culturel Maif Social Club pour une exposition collective jusqu&#8217;au 4 janvier 2025\"}]},{\"@type\":\"WebSite\",\"@id\":\"https:\\\/\\\/www.galerierichard.com\\\/#website\",\"url\":\"https:\\\/\\\/www.galerierichard.com\\\/\",\"name\":\"Galerie Richard\",\"description\":\"\",\"publisher\":{\"@id\":\"https:\\\/\\\/www.galerierichard.com\\\/#organization\"},\"potentialAction\":[{\"@type\":\"SearchAction\",\"target\":{\"@type\":\"EntryPoint\",\"urlTemplate\":\"https:\\\/\\\/www.galerierichard.com\\\/?s={search_term_string}\"},\"query-input\":{\"@type\":\"PropertyValueSpecification\",\"valueRequired\":true,\"valueName\":\"search_term_string\"}}],\"inLanguage\":\"fr-FR\"},{\"@type\":\"Organization\",\"@id\":\"https:\\\/\\\/www.galerierichard.com\\\/#organization\",\"name\":\"Galerie Richard\",\"url\":\"https:\\\/\\\/www.galerierichard.com\\\/\",\"logo\":{\"@type\":\"ImageObject\",\"inLanguage\":\"fr-FR\",\"@id\":\"https:\\\/\\\/www.galerierichard.com\\\/#\\\/schema\\\/logo\\\/image\\\/\",\"url\":\"https:\\\/\\\/www.galerierichard.com\\\/wp-content\\\/uploads\\\/2021\\\/07\\\/logo-galerie-richard.png\",\"contentUrl\":\"https:\\\/\\\/www.galerierichard.com\\\/wp-content\\\/uploads\\\/2021\\\/07\\\/logo-galerie-richard.png\",\"width\":295,\"height\":25,\"caption\":\"Galerie Richard\"},\"image\":{\"@id\":\"https:\\\/\\\/www.galerierichard.com\\\/#\\\/schema\\\/logo\\\/image\\\/\"},\"sameAs\":[\"https:\\\/\\\/www.facebook.com\\\/galerierichard\\\/\",\"https:\\\/\\\/x.com\\\/galerierichard\",\"https:\\\/\\\/www.instagram.com\\\/galerie.richard\\\/\",\"https:\\\/\\\/www.youtube.com\\\/channel\\\/UCwaMGcMSKAW565EC2g1RIVg\"]},{\"@type\":\"Person\",\"@id\":\"https:\\\/\\\/www.galerierichard.com\\\/#\\\/schema\\\/person\\\/3c19a920bd0358c1ddf328fe75022865\",\"name\":\"shopmanager\"}]}<\/script>\n<!-- \/ Yoast SEO plugin. -->","yoast_head_json":{"title":"Nicolas GUIET expose au centre culturel Maif Social Club pour une exposition collective jusqu'au 4 janvier 2025 - Galerie Richard","robots":{"index":"index","follow":"follow","max-snippet":"max-snippet:-1","max-image-preview":"max-image-preview:large","max-video-preview":"max-video-preview:-1"},"canonical":"https:\/\/www.galerierichard.com\/index.php\/2024\/11\/13\/nicolas-guiet-exposera-au-centre-culturel-maif-social-club-pour-une-exposition-collective-jusquau-4-janvier-2025\/","og_locale":"fr_FR","og_type":"article","og_title":"Nicolas GUIET expose au centre culturel Maif Social Club pour une exposition collective jusqu'au 4 janvier 2025 - Galerie Richard","og_description":"\u00ab\u00a0Enfin, inspir\u00e9 par le Modulor de l\u2019architecte Le Corbusier, Nicolas Guiet nous propose d\u2019interagir avec sa sculpture et rappelle ce faisant que notre corps est l\u2019\u00e9chelle de notre rapport au monde.\u00a0\u00bb \u00a9 Alun Callender, \u00a9 Susann Jamt\u00f8y _ Tr\u00f8ndelag, \u00a9smarins, \u00a9N.Guiet, \u00a9Roxanne Andr\u00e8s, \u00a9\u00c9lisabeth Dayn\u00e8s, \u00a9Myriam Mechita, \u00a9Sophie de Oliviera, \u00a9Ed Hall, \u00a9Scenocosme, \u00a9Arnaud Adami, [&hellip;]","og_url":"https:\/\/www.galerierichard.com\/index.php\/2024\/11\/13\/nicolas-guiet-exposera-au-centre-culturel-maif-social-club-pour-une-exposition-collective-jusquau-4-janvier-2025\/","og_site_name":"Galerie Richard","article_publisher":"https:\/\/www.facebook.com\/galerierichard\/","article_published_time":"2024-11-13T17:47:52+00:00","article_modified_time":"2024-11-13T17:50:02+00:00","og_image":[{"width":1810,"height":600,"url":"https:\/\/www.galerierichard.com\/wp-content\/uploads\/2024\/11\/artpress-guiet.png","type":"image\/png"}],"author":"shopmanager","twitter_card":"summary_large_image","twitter_creator":"@galerierichard","twitter_site":"@galerierichard","twitter_misc":{"\u00c9crit par":"shopmanager","Dur\u00e9e de lecture estim\u00e9e":"1 minute"},"schema":{"@context":"https:\/\/schema.org","@graph":[{"@type":"Article","@id":"https:\/\/www.galerierichard.com\/index.php\/2024\/11\/13\/nicolas-guiet-exposera-au-centre-culturel-maif-social-club-pour-une-exposition-collective-jusquau-4-janvier-2025\/#article","isPartOf":{"@id":"https:\/\/www.galerierichard.com\/index.php\/2024\/11\/13\/nicolas-guiet-exposera-au-centre-culturel-maif-social-club-pour-une-exposition-collective-jusquau-4-janvier-2025\/"},"author":{"name":"shopmanager","@id":"https:\/\/www.galerierichard.com\/#\/schema\/person\/3c19a920bd0358c1ddf328fe75022865"},"headline":"Nicolas GUIET expose au centre culturel Maif Social Club pour une exposition collective jusqu&rsquo;au 4 janvier 2025","datePublished":"2024-11-13T17:47:52+00:00","dateModified":"2024-11-13T17:50:02+00:00","mainEntityOfPage":{"@id":"https:\/\/www.galerierichard.com\/index.php\/2024\/11\/13\/nicolas-guiet-exposera-au-centre-culturel-maif-social-club-pour-une-exposition-collective-jusquau-4-janvier-2025\/"},"wordCount":78,"publisher":{"@id":"https:\/\/www.galerierichard.com\/#organization"},"image":{"@id":"https:\/\/www.galerierichard.com\/index.php\/2024\/11\/13\/nicolas-guiet-exposera-au-centre-culturel-maif-social-club-pour-une-exposition-collective-jusquau-4-janvier-2025\/#primaryimage"},"thumbnailUrl":"https:\/\/www.galerierichard.com\/wp-content\/uploads\/2024\/11\/artpress-guiet.png","articleSection":["News","Nicolas GUIET"],"inLanguage":"fr-FR"},{"@type":"WebPage","@id":"https:\/\/www.galerierichard.com\/index.php\/2024\/11\/13\/nicolas-guiet-exposera-au-centre-culturel-maif-social-club-pour-une-exposition-collective-jusquau-4-janvier-2025\/","url":"https:\/\/www.galerierichard.com\/index.php\/2024\/11\/13\/nicolas-guiet-exposera-au-centre-culturel-maif-social-club-pour-une-exposition-collective-jusquau-4-janvier-2025\/","name":"Nicolas GUIET expose au centre culturel Maif Social Club pour une exposition collective jusqu'au 4 janvier 2025 - Galerie Richard","isPartOf":{"@id":"https:\/\/www.galerierichard.com\/#website"},"primaryImageOfPage":{"@id":"https:\/\/www.galerierichard.com\/index.php\/2024\/11\/13\/nicolas-guiet-exposera-au-centre-culturel-maif-social-club-pour-une-exposition-collective-jusquau-4-janvier-2025\/#primaryimage"},"image":{"@id":"https:\/\/www.galerierichard.com\/index.php\/2024\/11\/13\/nicolas-guiet-exposera-au-centre-culturel-maif-social-club-pour-une-exposition-collective-jusquau-4-janvier-2025\/#primaryimage"},"thumbnailUrl":"https:\/\/www.galerierichard.com\/wp-content\/uploads\/2024\/11\/artpress-guiet.png","datePublished":"2024-11-13T17:47:52+00:00","dateModified":"2024-11-13T17:50:02+00:00","breadcrumb":{"@id":"https:\/\/www.galerierichard.com\/index.php\/2024\/11\/13\/nicolas-guiet-exposera-au-centre-culturel-maif-social-club-pour-une-exposition-collective-jusquau-4-janvier-2025\/#breadcrumb"},"inLanguage":"fr-FR","potentialAction":[{"@type":"ReadAction","target":["https:\/\/www.galerierichard.com\/index.php\/2024\/11\/13\/nicolas-guiet-exposera-au-centre-culturel-maif-social-club-pour-une-exposition-collective-jusquau-4-janvier-2025\/"]}]},{"@type":"ImageObject","inLanguage":"fr-FR","@id":"https:\/\/www.galerierichard.com\/index.php\/2024\/11\/13\/nicolas-guiet-exposera-au-centre-culturel-maif-social-club-pour-une-exposition-collective-jusquau-4-janvier-2025\/#primaryimage","url":"https:\/\/www.galerierichard.com\/wp-content\/uploads\/2024\/11\/artpress-guiet.png","contentUrl":"https:\/\/www.galerierichard.com\/wp-content\/uploads\/2024\/11\/artpress-guiet.png","width":1810,"height":600},{"@type":"BreadcrumbList","@id":"https:\/\/www.galerierichard.com\/index.php\/2024\/11\/13\/nicolas-guiet-exposera-au-centre-culturel-maif-social-club-pour-une-exposition-collective-jusquau-4-janvier-2025\/#breadcrumb","itemListElement":[{"@type":"ListItem","position":1,"name":"Accueil","item":"https:\/\/www.galerierichard.com\/"},{"@type":"ListItem","position":2,"name":"Nicolas GUIET expose au centre culturel Maif Social Club pour une exposition collective jusqu&#8217;au 4 janvier 2025"}]},{"@type":"WebSite","@id":"https:\/\/www.galerierichard.com\/#website","url":"https:\/\/www.galerierichard.com\/","name":"Galerie Richard","description":"","publisher":{"@id":"https:\/\/www.galerierichard.com\/#organization"},"potentialAction":[{"@type":"SearchAction","target":{"@type":"EntryPoint","urlTemplate":"https:\/\/www.galerierichard.com\/?s={search_term_string}"},"query-input":{"@type":"PropertyValueSpecification","valueRequired":true,"valueName":"search_term_string"}}],"inLanguage":"fr-FR"},{"@type":"Organization","@id":"https:\/\/www.galerierichard.com\/#organization","name":"Galerie Richard","url":"https:\/\/www.galerierichard.com\/","logo":{"@type":"ImageObject","inLanguage":"fr-FR","@id":"https:\/\/www.galerierichard.com\/#\/schema\/logo\/image\/","url":"https:\/\/www.galerierichard.com\/wp-content\/uploads\/2021\/07\/logo-galerie-richard.png","contentUrl":"https:\/\/www.galerierichard.com\/wp-content\/uploads\/2021\/07\/logo-galerie-richard.png","width":295,"height":25,"caption":"Galerie Richard"},"image":{"@id":"https:\/\/www.galerierichard.com\/#\/schema\/logo\/image\/"},"sameAs":["https:\/\/www.facebook.com\/galerierichard\/","https:\/\/x.com\/galerierichard","https:\/\/www.instagram.com\/galerie.richard\/","https:\/\/www.youtube.com\/channel\/UCwaMGcMSKAW565EC2g1RIVg"]},{"@type":"Person","@id":"https:\/\/www.galerierichard.com\/#\/schema\/person\/3c19a920bd0358c1ddf328fe75022865","name":"shopmanager"}]}},"jetpack_featured_media_url":"https:\/\/www.galerierichard.com\/wp-content\/uploads\/2024\/11\/artpress-guiet.png","jetpack_sharing_enabled":true,"_links":{"self":[{"href":"https:\/\/www.galerierichard.com\/index.php\/wp-json\/wp\/v2\/posts\/12542","targetHints":{"allow":["GET"]}}],"collection":[{"href":"https:\/\/www.galerierichard.com\/index.php\/wp-json\/wp\/v2\/posts"}],"about":[{"href":"https:\/\/www.galerierichard.com\/index.php\/wp-json\/wp\/v2\/types\/post"}],"author":[{"embeddable":true,"href":"https:\/\/www.galerierichard.com\/index.php\/wp-json\/wp\/v2\/users\/3"}],"replies":[{"embeddable":true,"href":"https:\/\/www.galerierichard.com\/index.php\/wp-json\/wp\/v2\/comments?post=12542"}],"version-history":[{"count":2,"href":"https:\/\/www.galerierichard.com\/index.php\/wp-json\/wp\/v2\/posts\/12542\/revisions"}],"predecessor-version":[{"id":12548,"href":"https:\/\/www.galerierichard.com\/index.php\/wp-json\/wp\/v2\/posts\/12542\/revisions\/12548"}],"wp:featuredmedia":[{"embeddable":true,"href":"https:\/\/www.galerierichard.com\/index.php\/wp-json\/wp\/v2\/media\/12543"}],"wp:attachment":[{"href":"https:\/\/www.galerierichard.com\/index.php\/wp-json\/wp\/v2\/media?parent=12542"}],"wp:term":[{"taxonomy":"category","embeddable":true,"href":"https:\/\/www.galerierichard.com\/index.php\/wp-json\/wp\/v2\/categories?post=12542"},{"taxonomy":"post_tag","embeddable":true,"href":"https:\/\/www.galerierichard.com\/index.php\/wp-json\/wp\/v2\/tags?post=12542"}],"curies":[{"name":"wp","href":"https:\/\/api.w.org\/{rel}","templated":true}]}}