{"id":14931,"date":"2026-03-31T12:51:04","date_gmt":"2026-03-31T10:51:04","guid":{"rendered":"https:\/\/www.galerierichard.com\/?p=14931"},"modified":"2026-03-31T13:01:26","modified_gmt":"2026-03-31T11:01:26","slug":"claudia-desgranges-2","status":"publish","type":"post","link":"https:\/\/www.galerierichard.com\/index.php\/en\/2026\/03\/31\/claudia-desgranges-2\/","title":{"rendered":"Claudia DESGRANGES"},"content":{"rendered":"<p>Galerie Gilla Loercher is very pleased to present a solo show called \u00ab\u00a0Jaune de Mars\u00a0\u00bb by artist Claudia DESGRANGES.<br \/>\nThe exhibition will run from March 7 to April 17, 2026.<br \/>\nPainter Claudia DESGRANGES artistic work refers to an examination of abstract modernism, minimalism, abstract expressionism and color field painting. And in doing so, she creates something completely new. When asked about her painting, the Cologne-based artist says: \u00ab\u00a0My goal is to achieve freedom in painting, to go beyond conventions, to initiate new ways of seeing&#8230;\u00a0\u00bb<\/p>\n","protected":false},"excerpt":{"rendered":"<p>Galerie Gilla Loercher is very pleased to present a solo show called \u00ab\u00a0Jaune de Mars\u00a0\u00bb by artist Claudia DESGRANGES. The exhibition will run from March 7 to April 17, 2026. Painter Claudia DESGRANGES artistic work refers to an examination of abstract modernism, minimalism, abstract expressionism and color field painting. And in doing so, she creates [&hellip;]<\/p>\n","protected":false},"author":5,"featured_media":14932,"comment_status":"closed","ping_status":"closed","sticky":false,"template":"gr-single-news.php","format":"standard","meta":{"_acf_changed":false,"_jetpack_memberships_contains_paid_content":false,"footnotes":""},"categories":[17],"tags":[],"class_list":["post-14931","post","type-post","status-publish","format-standard","has-post-thumbnail","hentry","category-news-en"],"acf":[],"yoast_head":"<!-- This site is optimized with the Yoast SEO plugin v27.5 - https:\/\/yoast.com\/product\/yoast-seo-wordpress\/ -->\n<title>Claudia DESGRANGES - Galerie Richard<\/title>\n<meta name=\"robots\" content=\"index, follow, max-snippet:-1, max-image-preview:large, max-video-preview:-1\" \/>\n<link rel=\"canonical\" href=\"https:\/\/www.galerierichard.com\/index.php\/en\/2026\/03\/31\/claudia-desgranges-2\/\" \/>\n<meta property=\"og:locale\" content=\"fr_FR\" \/>\n<meta property=\"og:type\" content=\"article\" \/>\n<meta property=\"og:title\" content=\"Claudia DESGRANGES - Galerie Richard\" \/>\n<meta property=\"og:description\" content=\"Galerie Gilla Loercher is very pleased to present a solo show called \u00ab\u00a0Jaune de Mars\u00a0\u00bb by artist Claudia DESGRANGES. The exhibition will run from March 7 to April 17, 2026. Painter Claudia DESGRANGES artistic work refers to an examination of abstract modernism, minimalism, abstract expressionism and color field painting. And in doing so, she creates [&hellip;]\" \/>\n<meta property=\"og:url\" content=\"https:\/\/www.galerierichard.com\/index.php\/en\/2026\/03\/31\/claudia-desgranges-2\/\" \/>\n<meta property=\"og:site_name\" content=\"Galerie Richard\" \/>\n<meta property=\"article:publisher\" content=\"https:\/\/www.facebook.com\/galerierichard\/\" \/>\n<meta property=\"article:published_time\" content=\"2026-03-31T10:51:04+00:00\" \/>\n<meta property=\"article:modified_time\" content=\"2026-03-31T11:01:26+00:00\" \/>\n<meta property=\"og:image\" content=\"https:\/\/www.galerierichard.com\/wp-content\/uploads\/2026\/03\/artpress-GT-1-2-1.pg_.jpg\" \/>\n\t<meta property=\"og:image:width\" content=\"1280\" \/>\n\t<meta property=\"og:image:height\" content=\"424\" \/>\n\t<meta property=\"og:image:type\" content=\"image\/jpeg\" \/>\n<meta name=\"author\" content=\"Admin Richard\" \/>\n<meta name=\"twitter:card\" content=\"summary_large_image\" \/>\n<meta name=\"twitter:creator\" content=\"@galerierichard\" \/>\n<meta name=\"twitter:site\" content=\"@galerierichard\" \/>\n<meta name=\"twitter:label1\" content=\"\u00c9crit par\" \/>\n\t<meta name=\"twitter:data1\" content=\"Admin Richard\" \/>\n\t<meta name=\"twitter:label2\" content=\"Dur\u00e9e de lecture estim\u00e9e\" \/>\n\t<meta name=\"twitter:data2\" content=\"1 minute\" \/>\n<script type=\"application\/ld+json\" class=\"yoast-schema-graph\">{\"@context\":\"https:\\\/\\\/schema.org\",\"@graph\":[{\"@type\":\"Article\",\"@id\":\"https:\\\/\\\/www.galerierichard.com\\\/index.php\\\/en\\\/2026\\\/03\\\/31\\\/claudia-desgranges-2\\\/#article\",\"isPartOf\":{\"@id\":\"https:\\\/\\\/www.galerierichard.com\\\/index.php\\\/en\\\/2026\\\/03\\\/31\\\/claudia-desgranges-2\\\/\"},\"author\":{\"name\":\"Admin Richard\",\"@id\":\"https:\\\/\\\/www.galerierichard.com\\\/#\\\/schema\\\/person\\\/8ab0669e0d2adb6ad4fa2cb354b697b8\"},\"headline\":\"Claudia DESGRANGES\",\"datePublished\":\"2026-03-31T10:51:04+00:00\",\"dateModified\":\"2026-03-31T11:01:26+00:00\",\"mainEntityOfPage\":{\"@id\":\"https:\\\/\\\/www.galerierichard.com\\\/index.php\\\/en\\\/2026\\\/03\\\/31\\\/claudia-desgranges-2\\\/\"},\"wordCount\":84,\"publisher\":{\"@id\":\"https:\\\/\\\/www.galerierichard.com\\\/#organization\"},\"image\":{\"@id\":\"https:\\\/\\\/www.galerierichard.com\\\/index.php\\\/en\\\/2026\\\/03\\\/31\\\/claudia-desgranges-2\\\/#primaryimage\"},\"thumbnailUrl\":\"https:\\\/\\\/www.galerierichard.com\\\/wp-content\\\/uploads\\\/2026\\\/03\\\/artpress-GT-1-2-1.pg_.jpg\",\"articleSection\":[\"News\"],\"inLanguage\":\"fr-FR\"},{\"@type\":\"WebPage\",\"@id\":\"https:\\\/\\\/www.galerierichard.com\\\/index.php\\\/en\\\/2026\\\/03\\\/31\\\/claudia-desgranges-2\\\/\",\"url\":\"https:\\\/\\\/www.galerierichard.com\\\/index.php\\\/en\\\/2026\\\/03\\\/31\\\/claudia-desgranges-2\\\/\",\"name\":\"Claudia DESGRANGES - Galerie Richard\",\"isPartOf\":{\"@id\":\"https:\\\/\\\/www.galerierichard.com\\\/#website\"},\"primaryImageOfPage\":{\"@id\":\"https:\\\/\\\/www.galerierichard.com\\\/index.php\\\/en\\\/2026\\\/03\\\/31\\\/claudia-desgranges-2\\\/#primaryimage\"},\"image\":{\"@id\":\"https:\\\/\\\/www.galerierichard.com\\\/index.php\\\/en\\\/2026\\\/03\\\/31\\\/claudia-desgranges-2\\\/#primaryimage\"},\"thumbnailUrl\":\"https:\\\/\\\/www.galerierichard.com\\\/wp-content\\\/uploads\\\/2026\\\/03\\\/artpress-GT-1-2-1.pg_.jpg\",\"datePublished\":\"2026-03-31T10:51:04+00:00\",\"dateModified\":\"2026-03-31T11:01:26+00:00\",\"breadcrumb\":{\"@id\":\"https:\\\/\\\/www.galerierichard.com\\\/index.php\\\/en\\\/2026\\\/03\\\/31\\\/claudia-desgranges-2\\\/#breadcrumb\"},\"inLanguage\":\"fr-FR\",\"potentialAction\":[{\"@type\":\"ReadAction\",\"target\":[\"https:\\\/\\\/www.galerierichard.com\\\/index.php\\\/en\\\/2026\\\/03\\\/31\\\/claudia-desgranges-2\\\/\"]}]},{\"@type\":\"ImageObject\",\"inLanguage\":\"fr-FR\",\"@id\":\"https:\\\/\\\/www.galerierichard.com\\\/index.php\\\/en\\\/2026\\\/03\\\/31\\\/claudia-desgranges-2\\\/#primaryimage\",\"url\":\"https:\\\/\\\/www.galerierichard.com\\\/wp-content\\\/uploads\\\/2026\\\/03\\\/artpress-GT-1-2-1.pg_.jpg\",\"contentUrl\":\"https:\\\/\\\/www.galerierichard.com\\\/wp-content\\\/uploads\\\/2026\\\/03\\\/artpress-GT-1-2-1.pg_.jpg\",\"width\":1280,\"height\":424},{\"@type\":\"BreadcrumbList\",\"@id\":\"https:\\\/\\\/www.galerierichard.com\\\/index.php\\\/en\\\/2026\\\/03\\\/31\\\/claudia-desgranges-2\\\/#breadcrumb\",\"itemListElement\":[{\"@type\":\"ListItem\",\"position\":1,\"name\":\"Accueil\",\"item\":\"https:\\\/\\\/www.galerierichard.com\\\/\"},{\"@type\":\"ListItem\",\"position\":2,\"name\":\"Claudia DESGRANGES\"}]},{\"@type\":\"WebSite\",\"@id\":\"https:\\\/\\\/www.galerierichard.com\\\/#website\",\"url\":\"https:\\\/\\\/www.galerierichard.com\\\/\",\"name\":\"Galerie Richard\",\"description\":\"\",\"publisher\":{\"@id\":\"https:\\\/\\\/www.galerierichard.com\\\/#organization\"},\"potentialAction\":[{\"@type\":\"SearchAction\",\"target\":{\"@type\":\"EntryPoint\",\"urlTemplate\":\"https:\\\/\\\/www.galerierichard.com\\\/?s={search_term_string}\"},\"query-input\":{\"@type\":\"PropertyValueSpecification\",\"valueRequired\":true,\"valueName\":\"search_term_string\"}}],\"inLanguage\":\"fr-FR\"},{\"@type\":\"Organization\",\"@id\":\"https:\\\/\\\/www.galerierichard.com\\\/#organization\",\"name\":\"Galerie Richard\",\"url\":\"https:\\\/\\\/www.galerierichard.com\\\/\",\"logo\":{\"@type\":\"ImageObject\",\"inLanguage\":\"fr-FR\",\"@id\":\"https:\\\/\\\/www.galerierichard.com\\\/#\\\/schema\\\/logo\\\/image\\\/\",\"url\":\"https:\\\/\\\/www.galerierichard.com\\\/wp-content\\\/uploads\\\/2021\\\/07\\\/logo-galerie-richard.png\",\"contentUrl\":\"https:\\\/\\\/www.galerierichard.com\\\/wp-content\\\/uploads\\\/2021\\\/07\\\/logo-galerie-richard.png\",\"width\":295,\"height\":25,\"caption\":\"Galerie Richard\"},\"image\":{\"@id\":\"https:\\\/\\\/www.galerierichard.com\\\/#\\\/schema\\\/logo\\\/image\\\/\"},\"sameAs\":[\"https:\\\/\\\/www.facebook.com\\\/galerierichard\\\/\",\"https:\\\/\\\/x.com\\\/galerierichard\",\"https:\\\/\\\/www.instagram.com\\\/galerie.richard\\\/\",\"https:\\\/\\\/www.youtube.com\\\/channel\\\/UCwaMGcMSKAW565EC2g1RIVg\"]},{\"@type\":\"Person\",\"@id\":\"https:\\\/\\\/www.galerierichard.com\\\/#\\\/schema\\\/person\\\/8ab0669e0d2adb6ad4fa2cb354b697b8\",\"name\":\"Admin Richard\",\"sameAs\":[\"http:\\\/\\\/www.galerierichard.com\"]}]}<\/script>\n<!-- \/ Yoast SEO plugin. -->","yoast_head_json":{"title":"Claudia DESGRANGES - Galerie Richard","robots":{"index":"index","follow":"follow","max-snippet":"max-snippet:-1","max-image-preview":"max-image-preview:large","max-video-preview":"max-video-preview:-1"},"canonical":"https:\/\/www.galerierichard.com\/index.php\/en\/2026\/03\/31\/claudia-desgranges-2\/","og_locale":"fr_FR","og_type":"article","og_title":"Claudia DESGRANGES - Galerie Richard","og_description":"Galerie Gilla Loercher is very pleased to present a solo show called \u00ab\u00a0Jaune de Mars\u00a0\u00bb by artist Claudia DESGRANGES. The exhibition will run from March 7 to April 17, 2026. Painter Claudia DESGRANGES artistic work refers to an examination of abstract modernism, minimalism, abstract expressionism and color field painting. And in doing so, she creates [&hellip;]","og_url":"https:\/\/www.galerierichard.com\/index.php\/en\/2026\/03\/31\/claudia-desgranges-2\/","og_site_name":"Galerie Richard","article_publisher":"https:\/\/www.facebook.com\/galerierichard\/","article_published_time":"2026-03-31T10:51:04+00:00","article_modified_time":"2026-03-31T11:01:26+00:00","og_image":[{"width":1280,"height":424,"url":"https:\/\/www.galerierichard.com\/wp-content\/uploads\/2026\/03\/artpress-GT-1-2-1.pg_.jpg","type":"image\/jpeg"}],"author":"Admin Richard","twitter_card":"summary_large_image","twitter_creator":"@galerierichard","twitter_site":"@galerierichard","twitter_misc":{"\u00c9crit par":"Admin Richard","Dur\u00e9e de lecture estim\u00e9e":"1 minute"},"schema":{"@context":"https:\/\/schema.org","@graph":[{"@type":"Article","@id":"https:\/\/www.galerierichard.com\/index.php\/en\/2026\/03\/31\/claudia-desgranges-2\/#article","isPartOf":{"@id":"https:\/\/www.galerierichard.com\/index.php\/en\/2026\/03\/31\/claudia-desgranges-2\/"},"author":{"name":"Admin Richard","@id":"https:\/\/www.galerierichard.com\/#\/schema\/person\/8ab0669e0d2adb6ad4fa2cb354b697b8"},"headline":"Claudia DESGRANGES","datePublished":"2026-03-31T10:51:04+00:00","dateModified":"2026-03-31T11:01:26+00:00","mainEntityOfPage":{"@id":"https:\/\/www.galerierichard.com\/index.php\/en\/2026\/03\/31\/claudia-desgranges-2\/"},"wordCount":84,"publisher":{"@id":"https:\/\/www.galerierichard.com\/#organization"},"image":{"@id":"https:\/\/www.galerierichard.com\/index.php\/en\/2026\/03\/31\/claudia-desgranges-2\/#primaryimage"},"thumbnailUrl":"https:\/\/www.galerierichard.com\/wp-content\/uploads\/2026\/03\/artpress-GT-1-2-1.pg_.jpg","articleSection":["News"],"inLanguage":"fr-FR"},{"@type":"WebPage","@id":"https:\/\/www.galerierichard.com\/index.php\/en\/2026\/03\/31\/claudia-desgranges-2\/","url":"https:\/\/www.galerierichard.com\/index.php\/en\/2026\/03\/31\/claudia-desgranges-2\/","name":"Claudia DESGRANGES - Galerie Richard","isPartOf":{"@id":"https:\/\/www.galerierichard.com\/#website"},"primaryImageOfPage":{"@id":"https:\/\/www.galerierichard.com\/index.php\/en\/2026\/03\/31\/claudia-desgranges-2\/#primaryimage"},"image":{"@id":"https:\/\/www.galerierichard.com\/index.php\/en\/2026\/03\/31\/claudia-desgranges-2\/#primaryimage"},"thumbnailUrl":"https:\/\/www.galerierichard.com\/wp-content\/uploads\/2026\/03\/artpress-GT-1-2-1.pg_.jpg","datePublished":"2026-03-31T10:51:04+00:00","dateModified":"2026-03-31T11:01:26+00:00","breadcrumb":{"@id":"https:\/\/www.galerierichard.com\/index.php\/en\/2026\/03\/31\/claudia-desgranges-2\/#breadcrumb"},"inLanguage":"fr-FR","potentialAction":[{"@type":"ReadAction","target":["https:\/\/www.galerierichard.com\/index.php\/en\/2026\/03\/31\/claudia-desgranges-2\/"]}]},{"@type":"ImageObject","inLanguage":"fr-FR","@id":"https:\/\/www.galerierichard.com\/index.php\/en\/2026\/03\/31\/claudia-desgranges-2\/#primaryimage","url":"https:\/\/www.galerierichard.com\/wp-content\/uploads\/2026\/03\/artpress-GT-1-2-1.pg_.jpg","contentUrl":"https:\/\/www.galerierichard.com\/wp-content\/uploads\/2026\/03\/artpress-GT-1-2-1.pg_.jpg","width":1280,"height":424},{"@type":"BreadcrumbList","@id":"https:\/\/www.galerierichard.com\/index.php\/en\/2026\/03\/31\/claudia-desgranges-2\/#breadcrumb","itemListElement":[{"@type":"ListItem","position":1,"name":"Accueil","item":"https:\/\/www.galerierichard.com\/"},{"@type":"ListItem","position":2,"name":"Claudia DESGRANGES"}]},{"@type":"WebSite","@id":"https:\/\/www.galerierichard.com\/#website","url":"https:\/\/www.galerierichard.com\/","name":"Galerie Richard","description":"","publisher":{"@id":"https:\/\/www.galerierichard.com\/#organization"},"potentialAction":[{"@type":"SearchAction","target":{"@type":"EntryPoint","urlTemplate":"https:\/\/www.galerierichard.com\/?s={search_term_string}"},"query-input":{"@type":"PropertyValueSpecification","valueRequired":true,"valueName":"search_term_string"}}],"inLanguage":"fr-FR"},{"@type":"Organization","@id":"https:\/\/www.galerierichard.com\/#organization","name":"Galerie Richard","url":"https:\/\/www.galerierichard.com\/","logo":{"@type":"ImageObject","inLanguage":"fr-FR","@id":"https:\/\/www.galerierichard.com\/#\/schema\/logo\/image\/","url":"https:\/\/www.galerierichard.com\/wp-content\/uploads\/2021\/07\/logo-galerie-richard.png","contentUrl":"https:\/\/www.galerierichard.com\/wp-content\/uploads\/2021\/07\/logo-galerie-richard.png","width":295,"height":25,"caption":"Galerie Richard"},"image":{"@id":"https:\/\/www.galerierichard.com\/#\/schema\/logo\/image\/"},"sameAs":["https:\/\/www.facebook.com\/galerierichard\/","https:\/\/x.com\/galerierichard","https:\/\/www.instagram.com\/galerie.richard\/","https:\/\/www.youtube.com\/channel\/UCwaMGcMSKAW565EC2g1RIVg"]},{"@type":"Person","@id":"https:\/\/www.galerierichard.com\/#\/schema\/person\/8ab0669e0d2adb6ad4fa2cb354b697b8","name":"Admin Richard","sameAs":["http:\/\/www.galerierichard.com"]}]}},"jetpack_featured_media_url":"https:\/\/www.galerierichard.com\/wp-content\/uploads\/2026\/03\/artpress-GT-1-2-1.pg_.jpg","jetpack_sharing_enabled":true,"_links":{"self":[{"href":"https:\/\/www.galerierichard.com\/index.php\/wp-json\/wp\/v2\/posts\/14931","targetHints":{"allow":["GET"]}}],"collection":[{"href":"https:\/\/www.galerierichard.com\/index.php\/wp-json\/wp\/v2\/posts"}],"about":[{"href":"https:\/\/www.galerierichard.com\/index.php\/wp-json\/wp\/v2\/types\/post"}],"author":[{"embeddable":true,"href":"https:\/\/www.galerierichard.com\/index.php\/wp-json\/wp\/v2\/users\/5"}],"replies":[{"embeddable":true,"href":"https:\/\/www.galerierichard.com\/index.php\/wp-json\/wp\/v2\/comments?post=14931"}],"version-history":[{"count":6,"href":"https:\/\/www.galerierichard.com\/index.php\/wp-json\/wp\/v2\/posts\/14931\/revisions"}],"predecessor-version":[{"id":14938,"href":"https:\/\/www.galerierichard.com\/index.php\/wp-json\/wp\/v2\/posts\/14931\/revisions\/14938"}],"wp:featuredmedia":[{"embeddable":true,"href":"https:\/\/www.galerierichard.com\/index.php\/wp-json\/wp\/v2\/media\/14932"}],"wp:attachment":[{"href":"https:\/\/www.galerierichard.com\/index.php\/wp-json\/wp\/v2\/media?parent=14931"}],"wp:term":[{"taxonomy":"category","embeddable":true,"href":"https:\/\/www.galerierichard.com\/index.php\/wp-json\/wp\/v2\/categories?post=14931"},{"taxonomy":"post_tag","embeddable":true,"href":"https:\/\/www.galerierichard.com\/index.php\/wp-json\/wp\/v2\/tags?post=14931"}],"curies":[{"name":"wp","href":"https:\/\/api.w.org\/{rel}","templated":true}]}}