{"id":617,"date":"2021-07-22T15:13:50","date_gmt":"2021-07-22T13:13:50","guid":{"rendered":"https:\/\/www.galerierichard.com\/?p=617"},"modified":"2024-06-22T22:20:29","modified_gmt":"2024-06-22T20:20:29","slug":"617","status":"publish","type":"post","link":"https:\/\/www.galerierichard.com\/index.php\/2021\/07\/22\/617\/","title":{"rendered":"Jean-Luc et Takako Richard sont tr\u00e8s heureux de pr\u00e9senter la premi\u00e8re exposition personnelle de Norio IMAI \u00e0 New York et aux Etats-Unis intitul\u00e9e Perspective in White du 13 f\u00e9vrier au 29 mars 2014. Plus jeune membre admis dans l&rsquo;association d&rsquo;Art Gutai, Norio IMAI a d\u00e9velopp\u00e9 des peintures monochromes blanches tridimensionnelles sensuelles aux formes organiques."},"content":{"rendered":"<p>Jean-Luc et Takako Richard sont tr\u00e8s heureux de pr\u00e9senter la premi\u00e8re exposition personnelle de Norio IMAI \u00e0 New York et aux Etats-Unis intitul\u00e9e Perspective in White du 13 f\u00e9vrier au 29 mars 2014. Plus jeune membre admis dans l&rsquo;association d&rsquo;Art Gutai, Norio IMAI a d\u00e9velopp\u00e9 des peintures monochromes blanches tridimensionnelles sensuelles aux formes organiques.<\/p>\n","protected":false},"excerpt":{"rendered":"<p>Jean-Luc et Takako Richard sont tr\u00e8s heureux de pr\u00e9senter la premi\u00e8re exposition personnelle de Norio IMAI \u00e0 New York et aux Etats-Unis intitul\u00e9e Perspective in White du 13 f\u00e9vrier au 29 mars 2014. Plus jeune membre admis dans l&rsquo;association d&rsquo;Art Gutai, Norio IMAI a d\u00e9velopp\u00e9 des peintures monochromes blanches tridimensionnelles sensuelles aux formes organiques.<\/p>\n","protected":false},"author":2,"featured_media":1513,"comment_status":"closed","ping_status":"closed","sticky":false,"template":"gr-single-news.php","format":"standard","meta":{"_acf_changed":false,"_jetpack_memberships_contains_paid_content":false,"footnotes":""},"categories":[110],"tags":[],"class_list":["post-617","post","type-post","status-publish","format-standard","has-post-thumbnail","hentry","category-news"],"acf":[],"yoast_head":"<!-- This site is optimized with the Yoast SEO plugin v27.5 - https:\/\/yoast.com\/product\/yoast-seo-wordpress\/ -->\n<title>Jean-Luc et Takako Richard sont tr\u00e8s heureux de pr\u00e9senter la premi\u00e8re exposition personnelle de Norio IMAI \u00e0 New York et aux Etats-Unis intitul\u00e9e Perspective in White du 13 f\u00e9vrier au 29 mars 2014. Plus jeune membre admis dans l&#039;association d&#039;Art Gutai, Norio IMAI a d\u00e9velopp\u00e9 des peintures monochromes blanches tridimensionnelles sensuelles aux formes organiques. - Galerie Richard<\/title>\n<meta name=\"robots\" content=\"index, follow, max-snippet:-1, max-image-preview:large, max-video-preview:-1\" \/>\n<link rel=\"canonical\" href=\"https:\/\/www.galerierichard.com\/index.php\/2021\/07\/22\/617\/\" \/>\n<meta property=\"og:locale\" content=\"fr_FR\" \/>\n<meta property=\"og:type\" content=\"article\" \/>\n<meta property=\"og:title\" content=\"Jean-Luc et Takako Richard sont tr\u00e8s heureux de pr\u00e9senter la premi\u00e8re exposition personnelle de Norio IMAI \u00e0 New York et aux Etats-Unis intitul\u00e9e Perspective in White du 13 f\u00e9vrier au 29 mars 2014. Plus jeune membre admis dans l&#039;association d&#039;Art Gutai, Norio IMAI a d\u00e9velopp\u00e9 des peintures monochromes blanches tridimensionnelles sensuelles aux formes organiques. - Galerie Richard\" \/>\n<meta property=\"og:description\" content=\"Jean-Luc et Takako Richard sont tr\u00e8s heureux de pr\u00e9senter la premi\u00e8re exposition personnelle de Norio IMAI \u00e0 New York et aux Etats-Unis intitul\u00e9e Perspective in White du 13 f\u00e9vrier au 29 mars 2014. Plus jeune membre admis dans l&rsquo;association d&rsquo;Art Gutai, Norio IMAI a d\u00e9velopp\u00e9 des peintures monochromes blanches tridimensionnelles sensuelles aux formes organiques.\" \/>\n<meta property=\"og:url\" content=\"https:\/\/www.galerierichard.com\/index.php\/2021\/07\/22\/617\/\" \/>\n<meta property=\"og:site_name\" content=\"Galerie Richard\" \/>\n<meta property=\"article:publisher\" content=\"https:\/\/www.facebook.com\/galerierichard\/\" \/>\n<meta property=\"article:published_time\" content=\"2021-07-22T13:13:50+00:00\" \/>\n<meta property=\"article:modified_time\" content=\"2024-06-22T20:20:29+00:00\" \/>\n<meta name=\"author\" content=\"webmaster\" \/>\n<meta name=\"twitter:card\" content=\"summary_large_image\" \/>\n<meta name=\"twitter:creator\" content=\"@galerierichard\" \/>\n<meta name=\"twitter:site\" content=\"@galerierichard\" \/>\n<meta name=\"twitter:label1\" content=\"\u00c9crit par\" \/>\n\t<meta name=\"twitter:data1\" content=\"webmaster\" \/>\n\t<meta name=\"twitter:label2\" content=\"Dur\u00e9e de lecture estim\u00e9e\" \/>\n\t<meta name=\"twitter:data2\" content=\"1 minute\" \/>\n<script type=\"application\/ld+json\" class=\"yoast-schema-graph\">{\"@context\":\"https:\\\/\\\/schema.org\",\"@graph\":[{\"@type\":\"Article\",\"@id\":\"https:\\\/\\\/www.galerierichard.com\\\/index.php\\\/2021\\\/07\\\/22\\\/617\\\/#article\",\"isPartOf\":{\"@id\":\"https:\\\/\\\/www.galerierichard.com\\\/index.php\\\/2021\\\/07\\\/22\\\/617\\\/\"},\"author\":{\"name\":\"webmaster\",\"@id\":\"https:\\\/\\\/www.galerierichard.com\\\/#\\\/schema\\\/person\\\/7c4d19664b10651e9f1673b8113dd1b8\"},\"headline\":\"Jean-Luc et Takako Richard sont tr\u00e8s heureux de pr\u00e9senter la premi\u00e8re exposition personnelle de Norio IMAI \u00e0 New York et aux Etats-Unis intitul\u00e9e Perspective in White du 13 f\u00e9vrier au 29 mars 2014. Plus jeune membre admis dans l&rsquo;association d&rsquo;Art Gutai, Norio IMAI a d\u00e9velopp\u00e9 des peintures monochromes blanches tridimensionnelles sensuelles aux formes organiques.\",\"datePublished\":\"2021-07-22T13:13:50+00:00\",\"dateModified\":\"2024-06-22T20:20:29+00:00\",\"mainEntityOfPage\":{\"@id\":\"https:\\\/\\\/www.galerierichard.com\\\/index.php\\\/2021\\\/07\\\/22\\\/617\\\/\"},\"wordCount\":112,\"publisher\":{\"@id\":\"https:\\\/\\\/www.galerierichard.com\\\/#organization\"},\"image\":{\"@id\":\"https:\\\/\\\/www.galerierichard.com\\\/index.php\\\/2021\\\/07\\\/22\\\/617\\\/#primaryimage\"},\"thumbnailUrl\":\"https:\\\/\\\/www.galerierichard.com\\\/wp-content\\\/uploads\\\/2021\\\/07\\\/Sans-titre-145-pdf.jpg\",\"articleSection\":[\"News\"],\"inLanguage\":\"fr-FR\"},{\"@type\":\"WebPage\",\"@id\":\"https:\\\/\\\/www.galerierichard.com\\\/index.php\\\/2021\\\/07\\\/22\\\/617\\\/\",\"url\":\"https:\\\/\\\/www.galerierichard.com\\\/index.php\\\/2021\\\/07\\\/22\\\/617\\\/\",\"name\":\"Jean-Luc et Takako Richard sont tr\u00e8s heureux de pr\u00e9senter la premi\u00e8re exposition personnelle de Norio IMAI \u00e0 New York et aux Etats-Unis intitul\u00e9e Perspective in White du 13 f\u00e9vrier au 29 mars 2014. Plus jeune membre admis dans l'association d'Art Gutai, Norio IMAI a d\u00e9velopp\u00e9 des peintures monochromes blanches tridimensionnelles sensuelles aux formes organiques. - Galerie Richard\",\"isPartOf\":{\"@id\":\"https:\\\/\\\/www.galerierichard.com\\\/#website\"},\"primaryImageOfPage\":{\"@id\":\"https:\\\/\\\/www.galerierichard.com\\\/index.php\\\/2021\\\/07\\\/22\\\/617\\\/#primaryimage\"},\"image\":{\"@id\":\"https:\\\/\\\/www.galerierichard.com\\\/index.php\\\/2021\\\/07\\\/22\\\/617\\\/#primaryimage\"},\"thumbnailUrl\":\"https:\\\/\\\/www.galerierichard.com\\\/wp-content\\\/uploads\\\/2021\\\/07\\\/Sans-titre-145-pdf.jpg\",\"datePublished\":\"2021-07-22T13:13:50+00:00\",\"dateModified\":\"2024-06-22T20:20:29+00:00\",\"breadcrumb\":{\"@id\":\"https:\\\/\\\/www.galerierichard.com\\\/index.php\\\/2021\\\/07\\\/22\\\/617\\\/#breadcrumb\"},\"inLanguage\":\"fr-FR\",\"potentialAction\":[{\"@type\":\"ReadAction\",\"target\":[\"https:\\\/\\\/www.galerierichard.com\\\/index.php\\\/2021\\\/07\\\/22\\\/617\\\/\"]}]},{\"@type\":\"ImageObject\",\"inLanguage\":\"fr-FR\",\"@id\":\"https:\\\/\\\/www.galerierichard.com\\\/index.php\\\/2021\\\/07\\\/22\\\/617\\\/#primaryimage\",\"url\":\"https:\\\/\\\/www.galerierichard.com\\\/wp-content\\\/uploads\\\/2021\\\/07\\\/Sans-titre-145-pdf.jpg\",\"contentUrl\":\"https:\\\/\\\/www.galerierichard.com\\\/wp-content\\\/uploads\\\/2021\\\/07\\\/Sans-titre-145-pdf.jpg\"},{\"@type\":\"BreadcrumbList\",\"@id\":\"https:\\\/\\\/www.galerierichard.com\\\/index.php\\\/2021\\\/07\\\/22\\\/617\\\/#breadcrumb\",\"itemListElement\":[{\"@type\":\"ListItem\",\"position\":1,\"name\":\"Accueil\",\"item\":\"https:\\\/\\\/www.galerierichard.com\\\/\"},{\"@type\":\"ListItem\",\"position\":2,\"name\":\"Jean-Luc et Takako Richard sont tr\u00e8s heureux de pr\u00e9senter la premi\u00e8re exposition personnelle de Norio IMAI \u00e0 New York et aux Etats-Unis intitul\u00e9e Perspective in White du 13 f\u00e9vrier au 29 mars 2014. Plus jeune membre admis dans l&#8217;association d&#8217;Art Gutai, Norio IMAI a d\u00e9velopp\u00e9 des peintures monochromes blanches tridimensionnelles sensuelles aux formes organiques.\"}]},{\"@type\":\"WebSite\",\"@id\":\"https:\\\/\\\/www.galerierichard.com\\\/#website\",\"url\":\"https:\\\/\\\/www.galerierichard.com\\\/\",\"name\":\"Galerie Richard\",\"description\":\"\",\"publisher\":{\"@id\":\"https:\\\/\\\/www.galerierichard.com\\\/#organization\"},\"potentialAction\":[{\"@type\":\"SearchAction\",\"target\":{\"@type\":\"EntryPoint\",\"urlTemplate\":\"https:\\\/\\\/www.galerierichard.com\\\/?s={search_term_string}\"},\"query-input\":{\"@type\":\"PropertyValueSpecification\",\"valueRequired\":true,\"valueName\":\"search_term_string\"}}],\"inLanguage\":\"fr-FR\"},{\"@type\":\"Organization\",\"@id\":\"https:\\\/\\\/www.galerierichard.com\\\/#organization\",\"name\":\"Galerie Richard\",\"url\":\"https:\\\/\\\/www.galerierichard.com\\\/\",\"logo\":{\"@type\":\"ImageObject\",\"inLanguage\":\"fr-FR\",\"@id\":\"https:\\\/\\\/www.galerierichard.com\\\/#\\\/schema\\\/logo\\\/image\\\/\",\"url\":\"https:\\\/\\\/www.galerierichard.com\\\/wp-content\\\/uploads\\\/2021\\\/07\\\/logo-galerie-richard.png\",\"contentUrl\":\"https:\\\/\\\/www.galerierichard.com\\\/wp-content\\\/uploads\\\/2021\\\/07\\\/logo-galerie-richard.png\",\"width\":295,\"height\":25,\"caption\":\"Galerie Richard\"},\"image\":{\"@id\":\"https:\\\/\\\/www.galerierichard.com\\\/#\\\/schema\\\/logo\\\/image\\\/\"},\"sameAs\":[\"https:\\\/\\\/www.facebook.com\\\/galerierichard\\\/\",\"https:\\\/\\\/x.com\\\/galerierichard\",\"https:\\\/\\\/www.instagram.com\\\/galerie.richard\\\/\",\"https:\\\/\\\/www.youtube.com\\\/channel\\\/UCwaMGcMSKAW565EC2g1RIVg\"]},{\"@type\":\"Person\",\"@id\":\"https:\\\/\\\/www.galerierichard.com\\\/#\\\/schema\\\/person\\\/7c4d19664b10651e9f1673b8113dd1b8\",\"name\":\"webmaster\"}]}<\/script>\n<!-- \/ Yoast SEO plugin. -->","yoast_head_json":{"title":"Jean-Luc et Takako Richard sont tr\u00e8s heureux de pr\u00e9senter la premi\u00e8re exposition personnelle de Norio IMAI \u00e0 New York et aux Etats-Unis intitul\u00e9e Perspective in White du 13 f\u00e9vrier au 29 mars 2014. Plus jeune membre admis dans l'association d'Art Gutai, Norio IMAI a d\u00e9velopp\u00e9 des peintures monochromes blanches tridimensionnelles sensuelles aux formes organiques. - Galerie Richard","robots":{"index":"index","follow":"follow","max-snippet":"max-snippet:-1","max-image-preview":"max-image-preview:large","max-video-preview":"max-video-preview:-1"},"canonical":"https:\/\/www.galerierichard.com\/index.php\/2021\/07\/22\/617\/","og_locale":"fr_FR","og_type":"article","og_title":"Jean-Luc et Takako Richard sont tr\u00e8s heureux de pr\u00e9senter la premi\u00e8re exposition personnelle de Norio IMAI \u00e0 New York et aux Etats-Unis intitul\u00e9e Perspective in White du 13 f\u00e9vrier au 29 mars 2014. Plus jeune membre admis dans l'association d'Art Gutai, Norio IMAI a d\u00e9velopp\u00e9 des peintures monochromes blanches tridimensionnelles sensuelles aux formes organiques. - Galerie Richard","og_description":"Jean-Luc et Takako Richard sont tr\u00e8s heureux de pr\u00e9senter la premi\u00e8re exposition personnelle de Norio IMAI \u00e0 New York et aux Etats-Unis intitul\u00e9e Perspective in White du 13 f\u00e9vrier au 29 mars 2014. Plus jeune membre admis dans l&rsquo;association d&rsquo;Art Gutai, Norio IMAI a d\u00e9velopp\u00e9 des peintures monochromes blanches tridimensionnelles sensuelles aux formes organiques.","og_url":"https:\/\/www.galerierichard.com\/index.php\/2021\/07\/22\/617\/","og_site_name":"Galerie Richard","article_publisher":"https:\/\/www.facebook.com\/galerierichard\/","article_published_time":"2021-07-22T13:13:50+00:00","article_modified_time":"2024-06-22T20:20:29+00:00","author":"webmaster","twitter_card":"summary_large_image","twitter_creator":"@galerierichard","twitter_site":"@galerierichard","twitter_misc":{"\u00c9crit par":"webmaster","Dur\u00e9e de lecture estim\u00e9e":"1 minute"},"schema":{"@context":"https:\/\/schema.org","@graph":[{"@type":"Article","@id":"https:\/\/www.galerierichard.com\/index.php\/2021\/07\/22\/617\/#article","isPartOf":{"@id":"https:\/\/www.galerierichard.com\/index.php\/2021\/07\/22\/617\/"},"author":{"name":"webmaster","@id":"https:\/\/www.galerierichard.com\/#\/schema\/person\/7c4d19664b10651e9f1673b8113dd1b8"},"headline":"Jean-Luc et Takako Richard sont tr\u00e8s heureux de pr\u00e9senter la premi\u00e8re exposition personnelle de Norio IMAI \u00e0 New York et aux Etats-Unis intitul\u00e9e Perspective in White du 13 f\u00e9vrier au 29 mars 2014. Plus jeune membre admis dans l&rsquo;association d&rsquo;Art Gutai, Norio IMAI a d\u00e9velopp\u00e9 des peintures monochromes blanches tridimensionnelles sensuelles aux formes organiques.","datePublished":"2021-07-22T13:13:50+00:00","dateModified":"2024-06-22T20:20:29+00:00","mainEntityOfPage":{"@id":"https:\/\/www.galerierichard.com\/index.php\/2021\/07\/22\/617\/"},"wordCount":112,"publisher":{"@id":"https:\/\/www.galerierichard.com\/#organization"},"image":{"@id":"https:\/\/www.galerierichard.com\/index.php\/2021\/07\/22\/617\/#primaryimage"},"thumbnailUrl":"https:\/\/www.galerierichard.com\/wp-content\/uploads\/2021\/07\/Sans-titre-145-pdf.jpg","articleSection":["News"],"inLanguage":"fr-FR"},{"@type":"WebPage","@id":"https:\/\/www.galerierichard.com\/index.php\/2021\/07\/22\/617\/","url":"https:\/\/www.galerierichard.com\/index.php\/2021\/07\/22\/617\/","name":"Jean-Luc et Takako Richard sont tr\u00e8s heureux de pr\u00e9senter la premi\u00e8re exposition personnelle de Norio IMAI \u00e0 New York et aux Etats-Unis intitul\u00e9e Perspective in White du 13 f\u00e9vrier au 29 mars 2014. Plus jeune membre admis dans l'association d'Art Gutai, Norio IMAI a d\u00e9velopp\u00e9 des peintures monochromes blanches tridimensionnelles sensuelles aux formes organiques. - Galerie Richard","isPartOf":{"@id":"https:\/\/www.galerierichard.com\/#website"},"primaryImageOfPage":{"@id":"https:\/\/www.galerierichard.com\/index.php\/2021\/07\/22\/617\/#primaryimage"},"image":{"@id":"https:\/\/www.galerierichard.com\/index.php\/2021\/07\/22\/617\/#primaryimage"},"thumbnailUrl":"https:\/\/www.galerierichard.com\/wp-content\/uploads\/2021\/07\/Sans-titre-145-pdf.jpg","datePublished":"2021-07-22T13:13:50+00:00","dateModified":"2024-06-22T20:20:29+00:00","breadcrumb":{"@id":"https:\/\/www.galerierichard.com\/index.php\/2021\/07\/22\/617\/#breadcrumb"},"inLanguage":"fr-FR","potentialAction":[{"@type":"ReadAction","target":["https:\/\/www.galerierichard.com\/index.php\/2021\/07\/22\/617\/"]}]},{"@type":"ImageObject","inLanguage":"fr-FR","@id":"https:\/\/www.galerierichard.com\/index.php\/2021\/07\/22\/617\/#primaryimage","url":"https:\/\/www.galerierichard.com\/wp-content\/uploads\/2021\/07\/Sans-titre-145-pdf.jpg","contentUrl":"https:\/\/www.galerierichard.com\/wp-content\/uploads\/2021\/07\/Sans-titre-145-pdf.jpg"},{"@type":"BreadcrumbList","@id":"https:\/\/www.galerierichard.com\/index.php\/2021\/07\/22\/617\/#breadcrumb","itemListElement":[{"@type":"ListItem","position":1,"name":"Accueil","item":"https:\/\/www.galerierichard.com\/"},{"@type":"ListItem","position":2,"name":"Jean-Luc et Takako Richard sont tr\u00e8s heureux de pr\u00e9senter la premi\u00e8re exposition personnelle de Norio IMAI \u00e0 New York et aux Etats-Unis intitul\u00e9e Perspective in White du 13 f\u00e9vrier au 29 mars 2014. Plus jeune membre admis dans l&#8217;association d&#8217;Art Gutai, Norio IMAI a d\u00e9velopp\u00e9 des peintures monochromes blanches tridimensionnelles sensuelles aux formes organiques."}]},{"@type":"WebSite","@id":"https:\/\/www.galerierichard.com\/#website","url":"https:\/\/www.galerierichard.com\/","name":"Galerie Richard","description":"","publisher":{"@id":"https:\/\/www.galerierichard.com\/#organization"},"potentialAction":[{"@type":"SearchAction","target":{"@type":"EntryPoint","urlTemplate":"https:\/\/www.galerierichard.com\/?s={search_term_string}"},"query-input":{"@type":"PropertyValueSpecification","valueRequired":true,"valueName":"search_term_string"}}],"inLanguage":"fr-FR"},{"@type":"Organization","@id":"https:\/\/www.galerierichard.com\/#organization","name":"Galerie Richard","url":"https:\/\/www.galerierichard.com\/","logo":{"@type":"ImageObject","inLanguage":"fr-FR","@id":"https:\/\/www.galerierichard.com\/#\/schema\/logo\/image\/","url":"https:\/\/www.galerierichard.com\/wp-content\/uploads\/2021\/07\/logo-galerie-richard.png","contentUrl":"https:\/\/www.galerierichard.com\/wp-content\/uploads\/2021\/07\/logo-galerie-richard.png","width":295,"height":25,"caption":"Galerie Richard"},"image":{"@id":"https:\/\/www.galerierichard.com\/#\/schema\/logo\/image\/"},"sameAs":["https:\/\/www.facebook.com\/galerierichard\/","https:\/\/x.com\/galerierichard","https:\/\/www.instagram.com\/galerie.richard\/","https:\/\/www.youtube.com\/channel\/UCwaMGcMSKAW565EC2g1RIVg"]},{"@type":"Person","@id":"https:\/\/www.galerierichard.com\/#\/schema\/person\/7c4d19664b10651e9f1673b8113dd1b8","name":"webmaster"}]}},"jetpack_featured_media_url":"https:\/\/www.galerierichard.com\/wp-content\/uploads\/2021\/07\/Sans-titre-145-pdf.jpg","jetpack_sharing_enabled":true,"_links":{"self":[{"href":"https:\/\/www.galerierichard.com\/index.php\/wp-json\/wp\/v2\/posts\/617","targetHints":{"allow":["GET"]}}],"collection":[{"href":"https:\/\/www.galerierichard.com\/index.php\/wp-json\/wp\/v2\/posts"}],"about":[{"href":"https:\/\/www.galerierichard.com\/index.php\/wp-json\/wp\/v2\/types\/post"}],"author":[{"embeddable":true,"href":"https:\/\/www.galerierichard.com\/index.php\/wp-json\/wp\/v2\/users\/2"}],"replies":[{"embeddable":true,"href":"https:\/\/www.galerierichard.com\/index.php\/wp-json\/wp\/v2\/comments?post=617"}],"version-history":[{"count":1,"href":"https:\/\/www.galerierichard.com\/index.php\/wp-json\/wp\/v2\/posts\/617\/revisions"}],"predecessor-version":[{"id":11292,"href":"https:\/\/www.galerierichard.com\/index.php\/wp-json\/wp\/v2\/posts\/617\/revisions\/11292"}],"wp:featuredmedia":[{"embeddable":true,"href":"https:\/\/www.galerierichard.com\/index.php\/wp-json\/wp\/v2\/media\/1513"}],"wp:attachment":[{"href":"https:\/\/www.galerierichard.com\/index.php\/wp-json\/wp\/v2\/media?parent=617"}],"wp:term":[{"taxonomy":"category","embeddable":true,"href":"https:\/\/www.galerierichard.com\/index.php\/wp-json\/wp\/v2\/categories?post=617"},{"taxonomy":"post_tag","embeddable":true,"href":"https:\/\/www.galerierichard.com\/index.php\/wp-json\/wp\/v2\/tags?post=617"}],"curies":[{"name":"wp","href":"https:\/\/api.w.org\/{rel}","templated":true}]}}