{"id":8002,"date":"2023-02-03T18:05:08","date_gmt":"2023-02-03T17:05:08","guid":{"rendered":"https:\/\/www.galerierichard.com\/?p=8002"},"modified":"2023-02-03T20:45:12","modified_gmt":"2023-02-03T19:45:12","slug":"le-centre-pompidou-metz-presente-des-oeuvres-de-dionisio-gonzalez-sur-lexpositionles-portes-du-possible","status":"publish","type":"post","link":"https:\/\/www.galerierichard.com\/index.php\/2023\/02\/03\/le-centre-pompidou-metz-presente-des-oeuvres-de-dionisio-gonzalez-sur-lexpositionles-portes-du-possible\/","title":{"rendered":"Le Centre Pompidou Metz pr\u00e9sente des oeuvres de Dionisio GONZ\u00c1LEZ sur l&rsquo;expo \u00ab\u00a0Les Portes du Possible\u00a0\u00bb"},"content":{"rendered":"<p>Le Centre Pompidou Metz pr\u00e9sente des oeuvres de Dionisio GONZ\u00c1LEZ sur l&rsquo;exposition \u00ab\u00a0Les Portes du Possible, art &amp; science-fiction\u00a0\u00bb du 5 novembre au 10 avril 2023.<\/p>\n","protected":false},"excerpt":{"rendered":"<p>Le Centre Pompidou Metz pr\u00e9sente des oeuvres de Dionisio GONZ\u00c1LEZ sur l&rsquo;exposition \u00ab\u00a0Les Portes du Possible, art &amp; science-fiction\u00a0\u00bb du 5 novembre au 10 avril 2023.<\/p>\n","protected":false},"author":3,"featured_media":8000,"comment_status":"closed","ping_status":"closed","sticky":false,"template":"gr-single-news.php","format":"standard","meta":{"_acf_changed":false,"_jetpack_memberships_contains_paid_content":false,"footnotes":""},"categories":[110],"tags":[],"class_list":["post-8002","post","type-post","status-publish","format-standard","has-post-thumbnail","hentry","category-news"],"acf":[],"yoast_head":"<!-- This site is optimized with the Yoast SEO plugin v27.5 - https:\/\/yoast.com\/product\/yoast-seo-wordpress\/ -->\n<title>Le Centre Pompidou Metz pr\u00e9sente des oeuvres de Dionisio GONZ\u00c1LEZ sur l&#039;expo &quot;Les Portes du Possible&quot; - Galerie Richard<\/title>\n<meta name=\"robots\" content=\"index, follow, max-snippet:-1, max-image-preview:large, max-video-preview:-1\" \/>\n<link rel=\"canonical\" href=\"https:\/\/www.galerierichard.com\/index.php\/2023\/02\/03\/le-centre-pompidou-metz-presente-des-oeuvres-de-dionisio-gonzalez-sur-lexpositionles-portes-du-possible\/\" \/>\n<meta property=\"og:locale\" content=\"fr_FR\" \/>\n<meta property=\"og:type\" content=\"article\" \/>\n<meta property=\"og:title\" content=\"Le Centre Pompidou Metz pr\u00e9sente des oeuvres de Dionisio GONZ\u00c1LEZ sur l&#039;expo &quot;Les Portes du Possible&quot; - Galerie Richard\" \/>\n<meta property=\"og:description\" content=\"Le Centre Pompidou Metz pr\u00e9sente des oeuvres de Dionisio GONZ\u00c1LEZ sur l&rsquo;exposition \u00ab\u00a0Les Portes du Possible, art &amp; science-fiction\u00a0\u00bb du 5 novembre au 10 avril 2023.\" \/>\n<meta property=\"og:url\" content=\"https:\/\/www.galerierichard.com\/index.php\/2023\/02\/03\/le-centre-pompidou-metz-presente-des-oeuvres-de-dionisio-gonzalez-sur-lexpositionles-portes-du-possible\/\" \/>\n<meta property=\"og:site_name\" content=\"Galerie Richard\" \/>\n<meta property=\"article:publisher\" content=\"https:\/\/www.facebook.com\/galerierichard\/\" \/>\n<meta property=\"article:published_time\" content=\"2023-02-03T17:05:08+00:00\" \/>\n<meta property=\"article:modified_time\" content=\"2023-02-03T19:45:12+00:00\" \/>\n<meta property=\"og:image\" content=\"https:\/\/www.galerierichard.com\/wp-content\/uploads\/2023\/02\/Capture-decran-2023-02-03-a-17.36.28-1024x321.png\" \/>\n\t<meta property=\"og:image:width\" content=\"1024\" \/>\n\t<meta property=\"og:image:height\" content=\"321\" \/>\n\t<meta property=\"og:image:type\" content=\"image\/png\" \/>\n<meta name=\"author\" content=\"shopmanager\" \/>\n<meta name=\"twitter:card\" content=\"summary_large_image\" \/>\n<meta name=\"twitter:creator\" content=\"@galerierichard\" \/>\n<meta name=\"twitter:site\" content=\"@galerierichard\" \/>\n<meta name=\"twitter:label1\" content=\"\u00c9crit par\" \/>\n\t<meta name=\"twitter:data1\" content=\"shopmanager\" \/>\n\t<meta name=\"twitter:label2\" content=\"Dur\u00e9e de lecture estim\u00e9e\" \/>\n\t<meta name=\"twitter:data2\" content=\"1 minute\" \/>\n<script type=\"application\/ld+json\" class=\"yoast-schema-graph\">{\"@context\":\"https:\\\/\\\/schema.org\",\"@graph\":[{\"@type\":\"Article\",\"@id\":\"https:\\\/\\\/www.galerierichard.com\\\/index.php\\\/2023\\\/02\\\/03\\\/le-centre-pompidou-metz-presente-des-oeuvres-de-dionisio-gonzalez-sur-lexpositionles-portes-du-possible\\\/#article\",\"isPartOf\":{\"@id\":\"https:\\\/\\\/www.galerierichard.com\\\/index.php\\\/2023\\\/02\\\/03\\\/le-centre-pompidou-metz-presente-des-oeuvres-de-dionisio-gonzalez-sur-lexpositionles-portes-du-possible\\\/\"},\"author\":{\"name\":\"shopmanager\",\"@id\":\"https:\\\/\\\/www.galerierichard.com\\\/#\\\/schema\\\/person\\\/3c19a920bd0358c1ddf328fe75022865\"},\"headline\":\"Le Centre Pompidou Metz pr\u00e9sente des oeuvres de Dionisio GONZ\u00c1LEZ sur l&rsquo;expo \u00ab\u00a0Les Portes du Possible\u00a0\u00bb\",\"datePublished\":\"2023-02-03T17:05:08+00:00\",\"dateModified\":\"2023-02-03T19:45:12+00:00\",\"mainEntityOfPage\":{\"@id\":\"https:\\\/\\\/www.galerierichard.com\\\/index.php\\\/2023\\\/02\\\/03\\\/le-centre-pompidou-metz-presente-des-oeuvres-de-dionisio-gonzalez-sur-lexpositionles-portes-du-possible\\\/\"},\"wordCount\":43,\"publisher\":{\"@id\":\"https:\\\/\\\/www.galerierichard.com\\\/#organization\"},\"image\":{\"@id\":\"https:\\\/\\\/www.galerierichard.com\\\/index.php\\\/2023\\\/02\\\/03\\\/le-centre-pompidou-metz-presente-des-oeuvres-de-dionisio-gonzalez-sur-lexpositionles-portes-du-possible\\\/#primaryimage\"},\"thumbnailUrl\":\"https:\\\/\\\/www.galerierichard.com\\\/wp-content\\\/uploads\\\/2023\\\/02\\\/Capture-decran-2023-02-03-a-17.36.28.png\",\"articleSection\":[\"News\"],\"inLanguage\":\"fr-FR\"},{\"@type\":\"WebPage\",\"@id\":\"https:\\\/\\\/www.galerierichard.com\\\/index.php\\\/2023\\\/02\\\/03\\\/le-centre-pompidou-metz-presente-des-oeuvres-de-dionisio-gonzalez-sur-lexpositionles-portes-du-possible\\\/\",\"url\":\"https:\\\/\\\/www.galerierichard.com\\\/index.php\\\/2023\\\/02\\\/03\\\/le-centre-pompidou-metz-presente-des-oeuvres-de-dionisio-gonzalez-sur-lexpositionles-portes-du-possible\\\/\",\"name\":\"Le Centre Pompidou Metz pr\u00e9sente des oeuvres de Dionisio GONZ\u00c1LEZ sur l'expo \\\"Les Portes du Possible\\\" - Galerie Richard\",\"isPartOf\":{\"@id\":\"https:\\\/\\\/www.galerierichard.com\\\/#website\"},\"primaryImageOfPage\":{\"@id\":\"https:\\\/\\\/www.galerierichard.com\\\/index.php\\\/2023\\\/02\\\/03\\\/le-centre-pompidou-metz-presente-des-oeuvres-de-dionisio-gonzalez-sur-lexpositionles-portes-du-possible\\\/#primaryimage\"},\"image\":{\"@id\":\"https:\\\/\\\/www.galerierichard.com\\\/index.php\\\/2023\\\/02\\\/03\\\/le-centre-pompidou-metz-presente-des-oeuvres-de-dionisio-gonzalez-sur-lexpositionles-portes-du-possible\\\/#primaryimage\"},\"thumbnailUrl\":\"https:\\\/\\\/www.galerierichard.com\\\/wp-content\\\/uploads\\\/2023\\\/02\\\/Capture-decran-2023-02-03-a-17.36.28.png\",\"datePublished\":\"2023-02-03T17:05:08+00:00\",\"dateModified\":\"2023-02-03T19:45:12+00:00\",\"breadcrumb\":{\"@id\":\"https:\\\/\\\/www.galerierichard.com\\\/index.php\\\/2023\\\/02\\\/03\\\/le-centre-pompidou-metz-presente-des-oeuvres-de-dionisio-gonzalez-sur-lexpositionles-portes-du-possible\\\/#breadcrumb\"},\"inLanguage\":\"fr-FR\",\"potentialAction\":[{\"@type\":\"ReadAction\",\"target\":[\"https:\\\/\\\/www.galerierichard.com\\\/index.php\\\/2023\\\/02\\\/03\\\/le-centre-pompidou-metz-presente-des-oeuvres-de-dionisio-gonzalez-sur-lexpositionles-portes-du-possible\\\/\"]}]},{\"@type\":\"ImageObject\",\"inLanguage\":\"fr-FR\",\"@id\":\"https:\\\/\\\/www.galerierichard.com\\\/index.php\\\/2023\\\/02\\\/03\\\/le-centre-pompidou-metz-presente-des-oeuvres-de-dionisio-gonzalez-sur-lexpositionles-portes-du-possible\\\/#primaryimage\",\"url\":\"https:\\\/\\\/www.galerierichard.com\\\/wp-content\\\/uploads\\\/2023\\\/02\\\/Capture-decran-2023-02-03-a-17.36.28.png\",\"contentUrl\":\"https:\\\/\\\/www.galerierichard.com\\\/wp-content\\\/uploads\\\/2023\\\/02\\\/Capture-decran-2023-02-03-a-17.36.28.png\",\"width\":4294,\"height\":1348},{\"@type\":\"BreadcrumbList\",\"@id\":\"https:\\\/\\\/www.galerierichard.com\\\/index.php\\\/2023\\\/02\\\/03\\\/le-centre-pompidou-metz-presente-des-oeuvres-de-dionisio-gonzalez-sur-lexpositionles-portes-du-possible\\\/#breadcrumb\",\"itemListElement\":[{\"@type\":\"ListItem\",\"position\":1,\"name\":\"Accueil\",\"item\":\"https:\\\/\\\/www.galerierichard.com\\\/\"},{\"@type\":\"ListItem\",\"position\":2,\"name\":\"Le Centre Pompidou Metz pr\u00e9sente des oeuvres de Dionisio GONZ\u00c1LEZ sur l&#8217;expo &#8220;Les Portes du Possible&#8221;\"}]},{\"@type\":\"WebSite\",\"@id\":\"https:\\\/\\\/www.galerierichard.com\\\/#website\",\"url\":\"https:\\\/\\\/www.galerierichard.com\\\/\",\"name\":\"Galerie Richard\",\"description\":\"\",\"publisher\":{\"@id\":\"https:\\\/\\\/www.galerierichard.com\\\/#organization\"},\"potentialAction\":[{\"@type\":\"SearchAction\",\"target\":{\"@type\":\"EntryPoint\",\"urlTemplate\":\"https:\\\/\\\/www.galerierichard.com\\\/?s={search_term_string}\"},\"query-input\":{\"@type\":\"PropertyValueSpecification\",\"valueRequired\":true,\"valueName\":\"search_term_string\"}}],\"inLanguage\":\"fr-FR\"},{\"@type\":\"Organization\",\"@id\":\"https:\\\/\\\/www.galerierichard.com\\\/#organization\",\"name\":\"Galerie Richard\",\"url\":\"https:\\\/\\\/www.galerierichard.com\\\/\",\"logo\":{\"@type\":\"ImageObject\",\"inLanguage\":\"fr-FR\",\"@id\":\"https:\\\/\\\/www.galerierichard.com\\\/#\\\/schema\\\/logo\\\/image\\\/\",\"url\":\"https:\\\/\\\/www.galerierichard.com\\\/wp-content\\\/uploads\\\/2021\\\/07\\\/logo-galerie-richard.png\",\"contentUrl\":\"https:\\\/\\\/www.galerierichard.com\\\/wp-content\\\/uploads\\\/2021\\\/07\\\/logo-galerie-richard.png\",\"width\":295,\"height\":25,\"caption\":\"Galerie Richard\"},\"image\":{\"@id\":\"https:\\\/\\\/www.galerierichard.com\\\/#\\\/schema\\\/logo\\\/image\\\/\"},\"sameAs\":[\"https:\\\/\\\/www.facebook.com\\\/galerierichard\\\/\",\"https:\\\/\\\/x.com\\\/galerierichard\",\"https:\\\/\\\/www.instagram.com\\\/galerie.richard\\\/\",\"https:\\\/\\\/www.youtube.com\\\/channel\\\/UCwaMGcMSKAW565EC2g1RIVg\"]},{\"@type\":\"Person\",\"@id\":\"https:\\\/\\\/www.galerierichard.com\\\/#\\\/schema\\\/person\\\/3c19a920bd0358c1ddf328fe75022865\",\"name\":\"shopmanager\"}]}<\/script>\n<!-- \/ Yoast SEO plugin. -->","yoast_head_json":{"title":"Le Centre Pompidou Metz pr\u00e9sente des oeuvres de Dionisio GONZ\u00c1LEZ sur l'expo \"Les Portes du Possible\" - Galerie Richard","robots":{"index":"index","follow":"follow","max-snippet":"max-snippet:-1","max-image-preview":"max-image-preview:large","max-video-preview":"max-video-preview:-1"},"canonical":"https:\/\/www.galerierichard.com\/index.php\/2023\/02\/03\/le-centre-pompidou-metz-presente-des-oeuvres-de-dionisio-gonzalez-sur-lexpositionles-portes-du-possible\/","og_locale":"fr_FR","og_type":"article","og_title":"Le Centre Pompidou Metz pr\u00e9sente des oeuvres de Dionisio GONZ\u00c1LEZ sur l'expo \"Les Portes du Possible\" - Galerie Richard","og_description":"Le Centre Pompidou Metz pr\u00e9sente des oeuvres de Dionisio GONZ\u00c1LEZ sur l&rsquo;exposition \u00ab\u00a0Les Portes du Possible, art &amp; science-fiction\u00a0\u00bb du 5 novembre au 10 avril 2023.","og_url":"https:\/\/www.galerierichard.com\/index.php\/2023\/02\/03\/le-centre-pompidou-metz-presente-des-oeuvres-de-dionisio-gonzalez-sur-lexpositionles-portes-du-possible\/","og_site_name":"Galerie Richard","article_publisher":"https:\/\/www.facebook.com\/galerierichard\/","article_published_time":"2023-02-03T17:05:08+00:00","article_modified_time":"2023-02-03T19:45:12+00:00","og_image":[{"width":1024,"height":321,"url":"https:\/\/www.galerierichard.com\/wp-content\/uploads\/2023\/02\/Capture-decran-2023-02-03-a-17.36.28-1024x321.png","type":"image\/png"}],"author":"shopmanager","twitter_card":"summary_large_image","twitter_creator":"@galerierichard","twitter_site":"@galerierichard","twitter_misc":{"\u00c9crit par":"shopmanager","Dur\u00e9e de lecture estim\u00e9e":"1 minute"},"schema":{"@context":"https:\/\/schema.org","@graph":[{"@type":"Article","@id":"https:\/\/www.galerierichard.com\/index.php\/2023\/02\/03\/le-centre-pompidou-metz-presente-des-oeuvres-de-dionisio-gonzalez-sur-lexpositionles-portes-du-possible\/#article","isPartOf":{"@id":"https:\/\/www.galerierichard.com\/index.php\/2023\/02\/03\/le-centre-pompidou-metz-presente-des-oeuvres-de-dionisio-gonzalez-sur-lexpositionles-portes-du-possible\/"},"author":{"name":"shopmanager","@id":"https:\/\/www.galerierichard.com\/#\/schema\/person\/3c19a920bd0358c1ddf328fe75022865"},"headline":"Le Centre Pompidou Metz pr\u00e9sente des oeuvres de Dionisio GONZ\u00c1LEZ sur l&rsquo;expo \u00ab\u00a0Les Portes du Possible\u00a0\u00bb","datePublished":"2023-02-03T17:05:08+00:00","dateModified":"2023-02-03T19:45:12+00:00","mainEntityOfPage":{"@id":"https:\/\/www.galerierichard.com\/index.php\/2023\/02\/03\/le-centre-pompidou-metz-presente-des-oeuvres-de-dionisio-gonzalez-sur-lexpositionles-portes-du-possible\/"},"wordCount":43,"publisher":{"@id":"https:\/\/www.galerierichard.com\/#organization"},"image":{"@id":"https:\/\/www.galerierichard.com\/index.php\/2023\/02\/03\/le-centre-pompidou-metz-presente-des-oeuvres-de-dionisio-gonzalez-sur-lexpositionles-portes-du-possible\/#primaryimage"},"thumbnailUrl":"https:\/\/www.galerierichard.com\/wp-content\/uploads\/2023\/02\/Capture-decran-2023-02-03-a-17.36.28.png","articleSection":["News"],"inLanguage":"fr-FR"},{"@type":"WebPage","@id":"https:\/\/www.galerierichard.com\/index.php\/2023\/02\/03\/le-centre-pompidou-metz-presente-des-oeuvres-de-dionisio-gonzalez-sur-lexpositionles-portes-du-possible\/","url":"https:\/\/www.galerierichard.com\/index.php\/2023\/02\/03\/le-centre-pompidou-metz-presente-des-oeuvres-de-dionisio-gonzalez-sur-lexpositionles-portes-du-possible\/","name":"Le Centre Pompidou Metz pr\u00e9sente des oeuvres de Dionisio GONZ\u00c1LEZ sur l'expo \"Les Portes du Possible\" - Galerie Richard","isPartOf":{"@id":"https:\/\/www.galerierichard.com\/#website"},"primaryImageOfPage":{"@id":"https:\/\/www.galerierichard.com\/index.php\/2023\/02\/03\/le-centre-pompidou-metz-presente-des-oeuvres-de-dionisio-gonzalez-sur-lexpositionles-portes-du-possible\/#primaryimage"},"image":{"@id":"https:\/\/www.galerierichard.com\/index.php\/2023\/02\/03\/le-centre-pompidou-metz-presente-des-oeuvres-de-dionisio-gonzalez-sur-lexpositionles-portes-du-possible\/#primaryimage"},"thumbnailUrl":"https:\/\/www.galerierichard.com\/wp-content\/uploads\/2023\/02\/Capture-decran-2023-02-03-a-17.36.28.png","datePublished":"2023-02-03T17:05:08+00:00","dateModified":"2023-02-03T19:45:12+00:00","breadcrumb":{"@id":"https:\/\/www.galerierichard.com\/index.php\/2023\/02\/03\/le-centre-pompidou-metz-presente-des-oeuvres-de-dionisio-gonzalez-sur-lexpositionles-portes-du-possible\/#breadcrumb"},"inLanguage":"fr-FR","potentialAction":[{"@type":"ReadAction","target":["https:\/\/www.galerierichard.com\/index.php\/2023\/02\/03\/le-centre-pompidou-metz-presente-des-oeuvres-de-dionisio-gonzalez-sur-lexpositionles-portes-du-possible\/"]}]},{"@type":"ImageObject","inLanguage":"fr-FR","@id":"https:\/\/www.galerierichard.com\/index.php\/2023\/02\/03\/le-centre-pompidou-metz-presente-des-oeuvres-de-dionisio-gonzalez-sur-lexpositionles-portes-du-possible\/#primaryimage","url":"https:\/\/www.galerierichard.com\/wp-content\/uploads\/2023\/02\/Capture-decran-2023-02-03-a-17.36.28.png","contentUrl":"https:\/\/www.galerierichard.com\/wp-content\/uploads\/2023\/02\/Capture-decran-2023-02-03-a-17.36.28.png","width":4294,"height":1348},{"@type":"BreadcrumbList","@id":"https:\/\/www.galerierichard.com\/index.php\/2023\/02\/03\/le-centre-pompidou-metz-presente-des-oeuvres-de-dionisio-gonzalez-sur-lexpositionles-portes-du-possible\/#breadcrumb","itemListElement":[{"@type":"ListItem","position":1,"name":"Accueil","item":"https:\/\/www.galerierichard.com\/"},{"@type":"ListItem","position":2,"name":"Le Centre Pompidou Metz pr\u00e9sente des oeuvres de Dionisio GONZ\u00c1LEZ sur l&#8217;expo &#8220;Les Portes du Possible&#8221;"}]},{"@type":"WebSite","@id":"https:\/\/www.galerierichard.com\/#website","url":"https:\/\/www.galerierichard.com\/","name":"Galerie Richard","description":"","publisher":{"@id":"https:\/\/www.galerierichard.com\/#organization"},"potentialAction":[{"@type":"SearchAction","target":{"@type":"EntryPoint","urlTemplate":"https:\/\/www.galerierichard.com\/?s={search_term_string}"},"query-input":{"@type":"PropertyValueSpecification","valueRequired":true,"valueName":"search_term_string"}}],"inLanguage":"fr-FR"},{"@type":"Organization","@id":"https:\/\/www.galerierichard.com\/#organization","name":"Galerie Richard","url":"https:\/\/www.galerierichard.com\/","logo":{"@type":"ImageObject","inLanguage":"fr-FR","@id":"https:\/\/www.galerierichard.com\/#\/schema\/logo\/image\/","url":"https:\/\/www.galerierichard.com\/wp-content\/uploads\/2021\/07\/logo-galerie-richard.png","contentUrl":"https:\/\/www.galerierichard.com\/wp-content\/uploads\/2021\/07\/logo-galerie-richard.png","width":295,"height":25,"caption":"Galerie Richard"},"image":{"@id":"https:\/\/www.galerierichard.com\/#\/schema\/logo\/image\/"},"sameAs":["https:\/\/www.facebook.com\/galerierichard\/","https:\/\/x.com\/galerierichard","https:\/\/www.instagram.com\/galerie.richard\/","https:\/\/www.youtube.com\/channel\/UCwaMGcMSKAW565EC2g1RIVg"]},{"@type":"Person","@id":"https:\/\/www.galerierichard.com\/#\/schema\/person\/3c19a920bd0358c1ddf328fe75022865","name":"shopmanager"}]}},"jetpack_featured_media_url":"https:\/\/www.galerierichard.com\/wp-content\/uploads\/2023\/02\/Capture-decran-2023-02-03-a-17.36.28.png","jetpack_sharing_enabled":true,"_links":{"self":[{"href":"https:\/\/www.galerierichard.com\/index.php\/wp-json\/wp\/v2\/posts\/8002","targetHints":{"allow":["GET"]}}],"collection":[{"href":"https:\/\/www.galerierichard.com\/index.php\/wp-json\/wp\/v2\/posts"}],"about":[{"href":"https:\/\/www.galerierichard.com\/index.php\/wp-json\/wp\/v2\/types\/post"}],"author":[{"embeddable":true,"href":"https:\/\/www.galerierichard.com\/index.php\/wp-json\/wp\/v2\/users\/3"}],"replies":[{"embeddable":true,"href":"https:\/\/www.galerierichard.com\/index.php\/wp-json\/wp\/v2\/comments?post=8002"}],"version-history":[{"count":5,"href":"https:\/\/www.galerierichard.com\/index.php\/wp-json\/wp\/v2\/posts\/8002\/revisions"}],"predecessor-version":[{"id":8044,"href":"https:\/\/www.galerierichard.com\/index.php\/wp-json\/wp\/v2\/posts\/8002\/revisions\/8044"}],"wp:featuredmedia":[{"embeddable":true,"href":"https:\/\/www.galerierichard.com\/index.php\/wp-json\/wp\/v2\/media\/8000"}],"wp:attachment":[{"href":"https:\/\/www.galerierichard.com\/index.php\/wp-json\/wp\/v2\/media?parent=8002"}],"wp:term":[{"taxonomy":"category","embeddable":true,"href":"https:\/\/www.galerierichard.com\/index.php\/wp-json\/wp\/v2\/categories?post=8002"},{"taxonomy":"post_tag","embeddable":true,"href":"https:\/\/www.galerierichard.com\/index.php\/wp-json\/wp\/v2\/tags?post=8002"}],"curies":[{"name":"wp","href":"https:\/\/api.w.org\/{rel}","templated":true}]}}